{"id":185441,"date":"2023-08-17T08:52:44","date_gmt":"2023-08-17T07:52:44","guid":{"rendered":"https:\/\/veganuary.com\/?p=185441"},"modified":"2026-02-20T14:07:15","modified_gmt":"2026-02-20T14:07:15","slug":"kuehe-wie-emma-plantmilkweek","status":"publish","type":"post","link":"https:\/\/veganuary.com\/de\/kuehe-wie-emma-plantmilkweek\/","title":{"rendered":"Veganuary feiert #PlantMilkWeek f\u00fcr Umwelt, Klima und K\u00fche wie Emma"},"content":{"rendered":"\n<ul class=\"wp-block-list\">\n<li><strong>Veganuary startet Kampagne f\u00fcr pflanzliche Alternativen zu Milchprodukten&nbsp;<\/strong>&nbsp;<\/li>\n\n\n\n<li><strong>Emma inspiriert mit Einblicken in das Leben einer Kuh<\/strong>&nbsp;<\/li>\n\n\n\n<li><strong>Lebensmittelunternehmen und Marken nehmen an Aktionswoche teil<\/strong>&nbsp;<\/li>\n<\/ul>\n\n\n<div class=\"wp-block-image\">\n<figure class=\"aligncenter size-large\"><img fetchpriority=\"high\" decoding=\"async\" width=\"1800\" height=\"1200\" src=\"https:\/\/veganuary.com\/wp-content\/uploads\/2023\/08\/Joar-Berge_Emma_Copyright-Tobias-Arnold-1800x1200.jpg\" alt=\"\" class=\"wp-image-185475\" srcset=\"https:\/\/veganuary.com\/wp-content\/uploads\/2023\/08\/Joar-Berge_Emma_Copyright-Tobias-Arnold-1800x1200.jpg 1800w, https:\/\/veganuary.com\/wp-content\/uploads\/2023\/08\/Joar-Berge_Emma_Copyright-Tobias-Arnold-1200x800.jpg 1200w, https:\/\/veganuary.com\/wp-content\/uploads\/2023\/08\/Joar-Berge_Emma_Copyright-Tobias-Arnold-400x267.jpg 400w, https:\/\/veganuary.com\/wp-content\/uploads\/2023\/08\/Joar-Berge_Emma_Copyright-Tobias-Arnold-768x512.jpg 768w, https:\/\/veganuary.com\/wp-content\/uploads\/2023\/08\/Joar-Berge_Emma_Copyright-Tobias-Arnold-1536x1024.jpg 1536w, https:\/\/veganuary.com\/wp-content\/uploads\/2023\/08\/Joar-Berge_Emma_Copyright-Tobias-Arnold-800x533.jpg 800w, https:\/\/veganuary.com\/wp-content\/uploads\/2023\/08\/Joar-Berge_Emma_Copyright-Tobias-Arnold-150x100.jpg 150w, https:\/\/veganuary.com\/wp-content\/uploads\/2023\/08\/Joar-Berge_Emma_Copyright-Tobias-Arnold.jpg 1920w\" sizes=\"(max-width: 1800px) 100vw, 1800px\" \/><figcaption class=\"wp-element-caption\">F\u00fcr K\u00fche wie Emma: Veganuary motiviert anl\u00e4sslich der #PlantMilkWeek, pflanzliche Alternativen zu Milchprodukten auszuprobieren. \u00a9 Tobias Arnold<\/figcaption><\/figure>\n<\/div>\n\n\n<p>Berlin, 17.08.2023 \u2013 <strong>Emma liebt es, am Bauch gekratzt zu werden und findet, das hat oberste Priorit\u00e4t. Sie hat Gl\u00fcck: Joar Berge, Autor von \u201eK\u00fche kuscheln\u201c, hat sie als Kalb aus der <a href=\"https:\/\/veganuary.com\/de\/milchprodukte-kuehe-kaelber-schuetzen\/\" target=\"_blank\" rel=\"noreferrer noopener\">Milchindustrie<\/a> freigekauft. F\u00fcr Tiere wie Emma startet die gemeinn\u00fctzige Organisation Veganuary vom 21. bis 27. August die Kampagne <a href=\"https:\/\/veganuary.com\/de\/plantmilkweek-2\/\" target=\"_blank\" rel=\"noreferrer noopener\">#PlantMilkWeek<\/a>. Die Aktionswoche bewegt Unternehmen wie Aldi, Bio Company oder Velivery, verst\u00e4rkt auf pflanzliche Alternativen zu Milchprodukten zu setzen, und motiviert Menschen, die vegane Ern\u00e4hrung auszuprobieren.&nbsp;<\/strong><\/p>\n\n\n\n<p>\u201e<em>Emma war sch\u00fcchtern und \u00e4ngstlich, als ich sie mit sechs Monaten aus einem Milchbetrieb holte<\/em>\u201c, erz\u00e4hlt Joar Berge, Autor von \u201eK\u00fche kuscheln\u201c und Gr\u00fcnder des Lebenshofs Odenwald e.V. \u201e<em>Kurz nach der Geburt hatte man ihr die H\u00f6rner entfernt und sie von ihrer Mutter getrennt.<\/em>\u201c In der Milch- und <a href=\"https:\/\/veganuary.com\/de\/das-leben-der-rinder-in-der-mast\/\" target=\"_blank\" rel=\"noreferrer noopener\">Fleischindustrie<\/a> h\u00e4tte sie heute als Vierj\u00e4hrige vermutlich bereits zwei K\u00e4lber geboren und verloren \u2013 und st\u00fcnde kurz vor der Schlachtbank, so Joar Berge. \u201e<em>Ich sehe in Emma hingegen eine junge Kuh, die ihr ganzes Leben noch vor sich hat.<\/em>\u201c&nbsp;<\/p>\n\n\n\n<h2 class=\"wp-block-heading\"><strong>Emmas zweites Leben<\/strong><\/h2>\n\n\n\n<p>Rinder sind \u00e4u\u00dferst soziale, kommunikative und emotionale Tiere mit sehr individuellen Pers\u00f6nlichkeiten. Sie freuen sich, wenn sie etwas Neues lernen, sind verspielt, trauern, zeigen Empathie und bilden enge Freundschaften.<sup>1<\/sup> Was die Forschung belegt, erlebt Joar Berge Tag f\u00fcr Tag mit K\u00fchen wie Emma und teilt es in den sozialen Medien.&nbsp;<\/p>\n\n\n\n<p>Emma ist heute selbstbewusst, gelassen und eine der Leitk\u00fche der kleinen Herde im Odenwald. Wenn das Fell gerade juckt, wei\u00df sie sehr gut darauf aufmerksam zu machen: Mit ihrem Kopf zeigt sie an, wo es zu kratzen gilt \u2013 und genie\u00dft es sichtlich, wenn Joar Berge ihr diesen Gefallen tut. Durch seine enge Bindung zu Tieren wurde ihm klar: \u201e<em>Tieren auf Augenh\u00f6he zu begegnen und gleichzeitig Tierprodukte zu konsumieren, passt f\u00fcr mich nicht mehr zusammen.<\/em>\u201c&nbsp;<\/p>\n\n\n\n<h2 class=\"wp-block-heading\"><strong>Nachweislicher&nbsp;Impact pflanzlicher&nbsp;Alternativen<\/strong><\/h2>\n\n\n\n<p>\u201e<em>Emmas Geschichte zeigt, dass wir die Dinge positiv beeinflussen k\u00f6nnen: Der Griff zu pflanzlichen Lebensmitteln ist der effektivste Hebel, um Tiere \u2013 und uns und unseren Planeten \u2013 zu sch\u00fctzen<\/em>\u201c, so Christopher Hollmann, der Veganuary Deutschland leitet. Erst k\u00fcrzlich belegten Forschende der Universit\u00e4t Oxford: Pflanzliche Ern\u00e4hrung spart im Vergleich zu einer fleischlastigen unter anderem bis zu Dreiviertel der lebensmittelbedingten Treibhausgasemissionen und Landnutzung ein.<sup>2<\/sup><\/p>\n\n\n\n<h2 class=\"wp-block-heading\"><strong>Aktionen zur #PlantMilkWeek<\/strong><\/h2>\n\n\n\n<p>\u201e<em>Mit der #PlantMilkWeek laden wir gemeinsam mit teilnehmenden Unternehmen dazu ein, sich einfach mal durch die wachsende Bandbreite an veganen Milchprodukten zu probieren<\/em>\u201c, so Christopher Hollmann weiter. Mit Marketingaktivit\u00e4ten, Angeboten oder neuen Produkten beteiligen sich unter anderem Unternehmen und Marken wie Aldi, Bio Company, Cremissimo, iChoc, Lazy Heroes, Moelk, Schlagfix, Unmilk, Velivery und Willicroft.&nbsp;<\/p>\n\n\n\n<h2 class=\"wp-block-heading\"><strong>Jetzt mitmachen&nbsp;<\/strong><\/h2>\n\n\n\n<p>Wer eine pflanzliche Ern\u00e4hrung ausprobieren m\u00f6chte, kann sich kostenfrei unter&nbsp;<a href=\"https:\/\/veganuary.com\/de\/jetzt-mitmachen\/\" target=\"_blank\" rel=\"noreferrer noopener\">www.veganuary.com\/mitmachen<\/a>&nbsp;anmelden: Ein 31-t\u00e4giger Veganuary-Newsletter unterst\u00fctzt mit Alltags- und Produkttipps, Hintergrundinfos, News und Rezepten. Teilnehmende erhalten zudem das digitale Veganuary-Promi-Kochbuch mit Rezepten von Bryan Adams, Oli P., Sadie Frost und vielen mehr. Zur Aktionswoche <a href=\"https:\/\/veganuary.com\/de\/plantmilkweek-2\/\" target=\"_blank\" rel=\"noreferrer noopener\">#PlantMilkWeek<\/a> gibt es f\u00fcr alle Interessierten eine Rezeptsammlung, die pflanzliche Alternativen zu Milchprodukten in den Fokus r\u00fcckt.&nbsp;<\/p>\n\n\n\n<p><strong>Quellen<\/strong>:&nbsp;<\/p>\n\n\n\n<p><sup>1<\/sup> Lori Marino und Kristin Allan: <a href=\"https:\/\/dx.doi.org\/10.26451\/abc.04.04.06.2017\" target=\"_blank\" rel=\"noreferrer noopener\">The&nbsp;Psychology&nbsp;of&nbsp;Cows<\/a>, in: Animal Behavior and Cognition, 4(4), 2017, S. 474-498.&nbsp;<\/p>\n\n\n\n<p><sup>2<\/sup> Peter Scarborough u. a.: <a href=\"https:\/\/www.nature.com\/articles\/s43016-023-00795-w\" target=\"_blank\" rel=\"noreferrer noopener\">Vegans,&nbsp;vegetarians,&nbsp;fish-eaters&nbsp;and&nbsp;meat-eaters&nbsp;in&nbsp;the&nbsp;UK&nbsp;show&nbsp;discrepant&nbsp;environmental&nbsp;impacts<\/a>, in: Nature Food, 4(7), 2023, S. 565-574.&nbsp;<\/p>\n\n\n\n<p><strong>Zus\u00e4tzliches Material f\u00fcr Medienvertreter:innen:<\/strong>&nbsp;<\/p>\n\n\n\n<p><strong>Interview mit Ex-Milchbauer J\u00fcrgen Rademacher<\/strong>: Weitere Informationen sowie Zitate zur freien Verf\u00fcgung finden Sie in einem <a href=\"https:\/\/veganuary.com\/de\/wege-zum-lebenshof\/\" target=\"_blank\" rel=\"noreferrer noopener\">ausf\u00fchrlichen Interview mit Joar Berge und Ex-Milchbauer J\u00fcrgen Rademacher<\/a>.<\/p>\n\n\n\n<p><strong>Kontakt<\/strong><br>Mirjam Schmitt<br>Communications Manager<br>+49 (0)175 9905 945<br><a href=\"mailto:presse@veganuary.com\" target=\"_blank\" rel=\"noreferrer noopener\">presse@veganuary.com<\/a><\/p>\n","protected":false},"excerpt":{"rendered":"<p>Berlin, 17.08.2023 \u2013 Emma liebt es, am Bauch gekratzt zu werden und findet, das hat oberste Priorit\u00e4t. Sie hat Gl\u00fcck:&hellip;<\/p>\n","protected":false},"author":166,"featured_media":185475,"comment_status":"open","ping_status":"open","sticky":false,"template":"","format":"standard","meta":{"_acf_changed":false,"_coblocks_attr":"","_coblocks_dimensions":"","_coblocks_responsive_height":"","_coblocks_accordion_ie_support":"","footnotes":""},"categories":[659],"tags":[],"class_list":["post-185441","post","type-post","status-publish","format-standard","has-post-thumbnail","hentry","category-pressemitteilungen"],"acf":[],"yoast_head":"<!-- This site is optimized with the Yoast SEO plugin v27.4 - https:\/\/yoast.com\/product\/yoast-seo-wordpress\/ -->\n<title>F\u00fcr K\u00fche wie Emma: #PlantMilkWeek mit Veganuary | Veganuary<\/title>\n<meta name=\"description\" content=\"Joar Berge hat Emma als Kalb aus der Milchindustrie freigekauft. F\u00fcr K\u00fche wie Emma startet Veganuary ab 21. August die #PlantMilkWeek.\" \/>\n<meta name=\"robots\" content=\"index, follow, max-snippet:-1, max-image-preview:large, max-video-preview:-1\" \/>\n<link rel=\"canonical\" href=\"https:\/\/veganuary.com\/de\/kuehe-wie-emma-plantmilkweek\/\" \/>\n<meta property=\"og:locale\" content=\"de_DE\" \/>\n<meta property=\"og:type\" content=\"article\" \/>\n<meta property=\"og:title\" content=\"F\u00fcr K\u00fche wie Emma: #PlantMilkWeek mit Veganuary | Veganuary\" \/>\n<meta property=\"og:description\" content=\"Joar Berge hat Emma als Kalb aus der Milchindustrie freigekauft. F\u00fcr K\u00fche wie Emma startet Veganuary ab 21. August die #PlantMilkWeek.\" \/>\n<meta property=\"og:url\" content=\"https:\/\/veganuary.com\/de\/kuehe-wie-emma-plantmilkweek\/\" \/>\n<meta property=\"og:site_name\" content=\"Veganuary\" \/>\n<meta property=\"article:publisher\" content=\"https:\/\/www.facebook.com\/Veganuary\/\" \/>\n<meta property=\"article:published_time\" content=\"2023-08-17T07:52:44+00:00\" \/>\n<meta property=\"article:modified_time\" content=\"2026-02-20T14:07:15+00:00\" \/>\n<meta property=\"og:image\" content=\"https:\/\/veganuary.com\/wp-content\/uploads\/2023\/08\/Joar-Berge_Emma_Copyright-Tobias-Arnold.jpg\" \/>\n\t<meta property=\"og:image:width\" content=\"1920\" \/>\n\t<meta property=\"og:image:height\" content=\"1280\" \/>\n\t<meta property=\"og:image:type\" content=\"image\/jpeg\" \/>\n<meta name=\"author\" content=\"Mirjam\" \/>\n<meta name=\"twitter:card\" content=\"summary_large_image\" \/>\n<meta name=\"twitter:title\" content=\"F\u00fcr K\u00fche wie Emma: #PlantMilkWeek mit Veganuary | Veganuary\" \/>\n<meta name=\"twitter:description\" content=\"Joar Berge hat Emma als Kalb aus der Milchindustrie freigekauft. F\u00fcr K\u00fche wie Emma startet Veganuary ab 21. August die #PlantMilkWeek.\" \/>\n<meta name=\"twitter:image\" content=\"https:\/\/veganuary.com\/wp-content\/uploads\/2023\/08\/Joar-Berge_Emma_Copyright-Tobias-Arnold.jpg\" \/>\n<meta name=\"twitter:creator\" content=\"@veganuary\" \/>\n<meta name=\"twitter:site\" content=\"@veganuary\" \/>\n<meta name=\"twitter:label1\" content=\"Verfasst von\" \/>\n\t<meta name=\"twitter:data1\" content=\"Mirjam\" \/>\n\t<meta name=\"twitter:label2\" content=\"Gesch\u00e4tzte Lesezeit\" \/>\n\t<meta name=\"twitter:data2\" content=\"4 Minuten\" \/>\n<script type=\"application\/ld+json\" class=\"yoast-schema-graph\">{\"@context\":\"https:\\\/\\\/schema.org\",\"@graph\":[{\"@type\":\"Article\",\"@id\":\"https:\\\/\\\/veganuary.com\\\/de\\\/kuehe-wie-emma-plantmilkweek\\\/#article\",\"isPartOf\":{\"@id\":\"https:\\\/\\\/veganuary.com\\\/de\\\/kuehe-wie-emma-plantmilkweek\\\/\"},\"author\":{\"name\":\"Mirjam\",\"@id\":\"https:\\\/\\\/veganuary.com\\\/de\\\/#\\\/schema\\\/person\\\/fa6c76b22a05e942e31835312c018113\"},\"headline\":\"Veganuary feiert #PlantMilkWeek f\u00fcr Umwelt, Klima und K\u00fche wie Emma\",\"datePublished\":\"2023-08-17T07:52:44+00:00\",\"dateModified\":\"2026-02-20T14:07:15+00:00\",\"mainEntityOfPage\":{\"@id\":\"https:\\\/\\\/veganuary.com\\\/de\\\/kuehe-wie-emma-plantmilkweek\\\/\"},\"wordCount\":680,\"commentCount\":0,\"publisher\":{\"@id\":\"https:\\\/\\\/veganuary.com\\\/de\\\/#organization\"},\"image\":{\"@id\":\"https:\\\/\\\/veganuary.com\\\/de\\\/kuehe-wie-emma-plantmilkweek\\\/#primaryimage\"},\"thumbnailUrl\":\"https:\\\/\\\/veganuary.com\\\/wp-content\\\/uploads\\\/2023\\\/08\\\/Joar-Berge_Emma_Copyright-Tobias-Arnold.jpg\",\"articleSection\":[\"Pressemitteilungen\"],\"inLanguage\":\"de-DE\",\"potentialAction\":[{\"@type\":\"CommentAction\",\"name\":\"Comment\",\"target\":[\"https:\\\/\\\/veganuary.com\\\/de\\\/kuehe-wie-emma-plantmilkweek\\\/#respond\"]}]},{\"@type\":\"WebPage\",\"@id\":\"https:\\\/\\\/veganuary.com\\\/de\\\/kuehe-wie-emma-plantmilkweek\\\/\",\"url\":\"https:\\\/\\\/veganuary.com\\\/de\\\/kuehe-wie-emma-plantmilkweek\\\/\",\"name\":\"F\u00fcr K\u00fche wie Emma: #PlantMilkWeek mit Veganuary | Veganuary\",\"isPartOf\":{\"@id\":\"https:\\\/\\\/veganuary.com\\\/de\\\/#website\"},\"primaryImageOfPage\":{\"@id\":\"https:\\\/\\\/veganuary.com\\\/de\\\/kuehe-wie-emma-plantmilkweek\\\/#primaryimage\"},\"image\":{\"@id\":\"https:\\\/\\\/veganuary.com\\\/de\\\/kuehe-wie-emma-plantmilkweek\\\/#primaryimage\"},\"thumbnailUrl\":\"https:\\\/\\\/veganuary.com\\\/wp-content\\\/uploads\\\/2023\\\/08\\\/Joar-Berge_Emma_Copyright-Tobias-Arnold.jpg\",\"datePublished\":\"2023-08-17T07:52:44+00:00\",\"dateModified\":\"2026-02-20T14:07:15+00:00\",\"description\":\"Joar Berge hat Emma als Kalb aus der Milchindustrie freigekauft. F\u00fcr K\u00fche wie Emma startet Veganuary ab 21. August die #PlantMilkWeek.\",\"breadcrumb\":{\"@id\":\"https:\\\/\\\/veganuary.com\\\/de\\\/kuehe-wie-emma-plantmilkweek\\\/#breadcrumb\"},\"inLanguage\":\"de-DE\",\"potentialAction\":[{\"@type\":\"ReadAction\",\"target\":[\"https:\\\/\\\/veganuary.com\\\/de\\\/kuehe-wie-emma-plantmilkweek\\\/\"]}]},{\"@type\":\"ImageObject\",\"inLanguage\":\"de-DE\",\"@id\":\"https:\\\/\\\/veganuary.com\\\/de\\\/kuehe-wie-emma-plantmilkweek\\\/#primaryimage\",\"url\":\"https:\\\/\\\/veganuary.com\\\/wp-content\\\/uploads\\\/2023\\\/08\\\/Joar-Berge_Emma_Copyright-Tobias-Arnold.jpg\",\"contentUrl\":\"https:\\\/\\\/veganuary.com\\\/wp-content\\\/uploads\\\/2023\\\/08\\\/Joar-Berge_Emma_Copyright-Tobias-Arnold.jpg\",\"width\":1920,\"height\":1280,\"caption\":\"Joar Berge with cow Emma\"},{\"@type\":\"BreadcrumbList\",\"@id\":\"https:\\\/\\\/veganuary.com\\\/de\\\/kuehe-wie-emma-plantmilkweek\\\/#breadcrumb\",\"itemListElement\":[{\"@type\":\"ListItem\",\"position\":1,\"name\":\"Home\",\"item\":\"https:\\\/\\\/veganuary.com\\\/de\\\/\"},{\"@type\":\"ListItem\",\"position\":2,\"name\":\"Veganuary feiert #PlantMilkWeek f\u00fcr Umwelt, Klima und K\u00fche wie Emma\"}]},{\"@type\":\"WebSite\",\"@id\":\"https:\\\/\\\/veganuary.com\\\/de\\\/#website\",\"url\":\"https:\\\/\\\/veganuary.com\\\/de\\\/\",\"name\":\"Veganuary\",\"description\":\"The website for Veganuary\",\"publisher\":{\"@id\":\"https:\\\/\\\/veganuary.com\\\/de\\\/#organization\"},\"potentialAction\":[{\"@type\":\"SearchAction\",\"target\":{\"@type\":\"EntryPoint\",\"urlTemplate\":\"https:\\\/\\\/veganuary.com\\\/de\\\/?s={search_term_string}\"},\"query-input\":{\"@type\":\"PropertyValueSpecification\",\"valueRequired\":true,\"valueName\":\"search_term_string\"}}],\"inLanguage\":\"de-DE\"},{\"@type\":\"Organization\",\"@id\":\"https:\\\/\\\/veganuary.com\\\/de\\\/#organization\",\"name\":\"Veganuary\",\"url\":\"https:\\\/\\\/veganuary.com\\\/de\\\/\",\"logo\":{\"@type\":\"ImageObject\",\"inLanguage\":\"de-DE\",\"@id\":\"https:\\\/\\\/veganuary.com\\\/de\\\/#\\\/schema\\\/logo\\\/image\\\/\",\"url\":\"https:\\\/\\\/veganuary.com\\\/wp-content\\\/uploads\\\/2020\\\/11\\\/135-veganuary-animals-icon-transparent-rgb.png\",\"contentUrl\":\"https:\\\/\\\/veganuary.com\\\/wp-content\\\/uploads\\\/2020\\\/11\\\/135-veganuary-animals-icon-transparent-rgb.png\",\"width\":135,\"height\":135,\"caption\":\"Veganuary\"},\"image\":{\"@id\":\"https:\\\/\\\/veganuary.com\\\/de\\\/#\\\/schema\\\/logo\\\/image\\\/\"},\"sameAs\":[\"https:\\\/\\\/www.facebook.com\\\/Veganuary\\\/\",\"https:\\\/\\\/x.com\\\/veganuary\",\"https:\\\/\\\/www.instagram.com\\\/weareveganuary\\\/\",\"https:\\\/\\\/www.linkedin.com\\\/company\\\/veganuary-limited\",\"https:\\\/\\\/www.pinterest.co.uk\\\/Veganuary\\\/\",\"https:\\\/\\\/www.youtube.com\\\/channel\\\/UCGDLtGanlPZLidEGP2N39CA\",\"https:\\\/\\\/en.wikipedia.org\\\/wiki\\\/Veganuary\"]},{\"@type\":\"Person\",\"@id\":\"https:\\\/\\\/veganuary.com\\\/de\\\/#\\\/schema\\\/person\\\/fa6c76b22a05e942e31835312c018113\",\"name\":\"Mirjam\",\"image\":{\"@type\":\"ImageObject\",\"inLanguage\":\"de-DE\",\"@id\":\"https:\\\/\\\/secure.gravatar.com\\\/avatar\\\/9bdfca31bf0924abf26b771642dfbc000ccfc26a82921d435984c2edd508d19f?s=96&d=mm&r=g\",\"url\":\"https:\\\/\\\/secure.gravatar.com\\\/avatar\\\/9bdfca31bf0924abf26b771642dfbc000ccfc26a82921d435984c2edd508d19f?s=96&d=mm&r=g\",\"contentUrl\":\"https:\\\/\\\/secure.gravatar.com\\\/avatar\\\/9bdfca31bf0924abf26b771642dfbc000ccfc26a82921d435984c2edd508d19f?s=96&d=mm&r=g\",\"caption\":\"Mirjam\"}}]}<\/script>\n<!-- \/ Yoast SEO plugin. -->","yoast_head_json":{"title":"F\u00fcr K\u00fche wie Emma: #PlantMilkWeek mit Veganuary | Veganuary","description":"Joar Berge hat Emma als Kalb aus der Milchindustrie freigekauft. F\u00fcr K\u00fche wie Emma startet Veganuary ab 21. August die #PlantMilkWeek.","robots":{"index":"index","follow":"follow","max-snippet":"max-snippet:-1","max-image-preview":"max-image-preview:large","max-video-preview":"max-video-preview:-1"},"canonical":"https:\/\/veganuary.com\/de\/kuehe-wie-emma-plantmilkweek\/","og_locale":"de_DE","og_type":"article","og_title":"F\u00fcr K\u00fche wie Emma: #PlantMilkWeek mit Veganuary | Veganuary","og_description":"Joar Berge hat Emma als Kalb aus der Milchindustrie freigekauft. F\u00fcr K\u00fche wie Emma startet Veganuary ab 21. August die #PlantMilkWeek.","og_url":"https:\/\/veganuary.com\/de\/kuehe-wie-emma-plantmilkweek\/","og_site_name":"Veganuary","article_publisher":"https:\/\/www.facebook.com\/Veganuary\/","article_published_time":"2023-08-17T07:52:44+00:00","article_modified_time":"2026-02-20T14:07:15+00:00","og_image":[{"width":1920,"height":1280,"url":"https:\/\/veganuary.com\/wp-content\/uploads\/2023\/08\/Joar-Berge_Emma_Copyright-Tobias-Arnold.jpg","type":"image\/jpeg"}],"author":"Mirjam","twitter_card":"summary_large_image","twitter_title":"F\u00fcr K\u00fche wie Emma: #PlantMilkWeek mit Veganuary | Veganuary","twitter_description":"Joar Berge hat Emma als Kalb aus der Milchindustrie freigekauft. F\u00fcr K\u00fche wie Emma startet Veganuary ab 21. August die #PlantMilkWeek.","twitter_image":"https:\/\/veganuary.com\/wp-content\/uploads\/2023\/08\/Joar-Berge_Emma_Copyright-Tobias-Arnold.jpg","twitter_creator":"@veganuary","twitter_site":"@veganuary","twitter_misc":{"Verfasst von":"Mirjam","Gesch\u00e4tzte Lesezeit":"4 Minuten"},"schema":{"@context":"https:\/\/schema.org","@graph":[{"@type":"Article","@id":"https:\/\/veganuary.com\/de\/kuehe-wie-emma-plantmilkweek\/#article","isPartOf":{"@id":"https:\/\/veganuary.com\/de\/kuehe-wie-emma-plantmilkweek\/"},"author":{"name":"Mirjam","@id":"https:\/\/veganuary.com\/de\/#\/schema\/person\/fa6c76b22a05e942e31835312c018113"},"headline":"Veganuary feiert #PlantMilkWeek f\u00fcr Umwelt, Klima und K\u00fche wie Emma","datePublished":"2023-08-17T07:52:44+00:00","dateModified":"2026-02-20T14:07:15+00:00","mainEntityOfPage":{"@id":"https:\/\/veganuary.com\/de\/kuehe-wie-emma-plantmilkweek\/"},"wordCount":680,"commentCount":0,"publisher":{"@id":"https:\/\/veganuary.com\/de\/#organization"},"image":{"@id":"https:\/\/veganuary.com\/de\/kuehe-wie-emma-plantmilkweek\/#primaryimage"},"thumbnailUrl":"https:\/\/veganuary.com\/wp-content\/uploads\/2023\/08\/Joar-Berge_Emma_Copyright-Tobias-Arnold.jpg","articleSection":["Pressemitteilungen"],"inLanguage":"de-DE","potentialAction":[{"@type":"CommentAction","name":"Comment","target":["https:\/\/veganuary.com\/de\/kuehe-wie-emma-plantmilkweek\/#respond"]}]},{"@type":"WebPage","@id":"https:\/\/veganuary.com\/de\/kuehe-wie-emma-plantmilkweek\/","url":"https:\/\/veganuary.com\/de\/kuehe-wie-emma-plantmilkweek\/","name":"F\u00fcr K\u00fche wie Emma: #PlantMilkWeek mit Veganuary | Veganuary","isPartOf":{"@id":"https:\/\/veganuary.com\/de\/#website"},"primaryImageOfPage":{"@id":"https:\/\/veganuary.com\/de\/kuehe-wie-emma-plantmilkweek\/#primaryimage"},"image":{"@id":"https:\/\/veganuary.com\/de\/kuehe-wie-emma-plantmilkweek\/#primaryimage"},"thumbnailUrl":"https:\/\/veganuary.com\/wp-content\/uploads\/2023\/08\/Joar-Berge_Emma_Copyright-Tobias-Arnold.jpg","datePublished":"2023-08-17T07:52:44+00:00","dateModified":"2026-02-20T14:07:15+00:00","description":"Joar Berge hat Emma als Kalb aus der Milchindustrie freigekauft. F\u00fcr K\u00fche wie Emma startet Veganuary ab 21. August die #PlantMilkWeek.","breadcrumb":{"@id":"https:\/\/veganuary.com\/de\/kuehe-wie-emma-plantmilkweek\/#breadcrumb"},"inLanguage":"de-DE","potentialAction":[{"@type":"ReadAction","target":["https:\/\/veganuary.com\/de\/kuehe-wie-emma-plantmilkweek\/"]}]},{"@type":"ImageObject","inLanguage":"de-DE","@id":"https:\/\/veganuary.com\/de\/kuehe-wie-emma-plantmilkweek\/#primaryimage","url":"https:\/\/veganuary.com\/wp-content\/uploads\/2023\/08\/Joar-Berge_Emma_Copyright-Tobias-Arnold.jpg","contentUrl":"https:\/\/veganuary.com\/wp-content\/uploads\/2023\/08\/Joar-Berge_Emma_Copyright-Tobias-Arnold.jpg","width":1920,"height":1280,"caption":"Joar Berge with cow Emma"},{"@type":"BreadcrumbList","@id":"https:\/\/veganuary.com\/de\/kuehe-wie-emma-plantmilkweek\/#breadcrumb","itemListElement":[{"@type":"ListItem","position":1,"name":"Home","item":"https:\/\/veganuary.com\/de\/"},{"@type":"ListItem","position":2,"name":"Veganuary feiert #PlantMilkWeek f\u00fcr Umwelt, Klima und K\u00fche wie Emma"}]},{"@type":"WebSite","@id":"https:\/\/veganuary.com\/de\/#website","url":"https:\/\/veganuary.com\/de\/","name":"Veganuary","description":"The website for Veganuary","publisher":{"@id":"https:\/\/veganuary.com\/de\/#organization"},"potentialAction":[{"@type":"SearchAction","target":{"@type":"EntryPoint","urlTemplate":"https:\/\/veganuary.com\/de\/?s={search_term_string}"},"query-input":{"@type":"PropertyValueSpecification","valueRequired":true,"valueName":"search_term_string"}}],"inLanguage":"de-DE"},{"@type":"Organization","@id":"https:\/\/veganuary.com\/de\/#organization","name":"Veganuary","url":"https:\/\/veganuary.com\/de\/","logo":{"@type":"ImageObject","inLanguage":"de-DE","@id":"https:\/\/veganuary.com\/de\/#\/schema\/logo\/image\/","url":"https:\/\/veganuary.com\/wp-content\/uploads\/2020\/11\/135-veganuary-animals-icon-transparent-rgb.png","contentUrl":"https:\/\/veganuary.com\/wp-content\/uploads\/2020\/11\/135-veganuary-animals-icon-transparent-rgb.png","width":135,"height":135,"caption":"Veganuary"},"image":{"@id":"https:\/\/veganuary.com\/de\/#\/schema\/logo\/image\/"},"sameAs":["https:\/\/www.facebook.com\/Veganuary\/","https:\/\/x.com\/veganuary","https:\/\/www.instagram.com\/weareveganuary\/","https:\/\/www.linkedin.com\/company\/veganuary-limited","https:\/\/www.pinterest.co.uk\/Veganuary\/","https:\/\/www.youtube.com\/channel\/UCGDLtGanlPZLidEGP2N39CA","https:\/\/en.wikipedia.org\/wiki\/Veganuary"]},{"@type":"Person","@id":"https:\/\/veganuary.com\/de\/#\/schema\/person\/fa6c76b22a05e942e31835312c018113","name":"Mirjam","image":{"@type":"ImageObject","inLanguage":"de-DE","@id":"https:\/\/secure.gravatar.com\/avatar\/9bdfca31bf0924abf26b771642dfbc000ccfc26a82921d435984c2edd508d19f?s=96&d=mm&r=g","url":"https:\/\/secure.gravatar.com\/avatar\/9bdfca31bf0924abf26b771642dfbc000ccfc26a82921d435984c2edd508d19f?s=96&d=mm&r=g","contentUrl":"https:\/\/secure.gravatar.com\/avatar\/9bdfca31bf0924abf26b771642dfbc000ccfc26a82921d435984c2edd508d19f?s=96&d=mm&r=g","caption":"Mirjam"}}]}},"_links":{"self":[{"href":"https:\/\/veganuary.com\/de\/wp-json\/wp\/v2\/posts\/185441","targetHints":{"allow":["GET"]}}],"collection":[{"href":"https:\/\/veganuary.com\/de\/wp-json\/wp\/v2\/posts"}],"about":[{"href":"https:\/\/veganuary.com\/de\/wp-json\/wp\/v2\/types\/post"}],"author":[{"embeddable":true,"href":"https:\/\/veganuary.com\/de\/wp-json\/wp\/v2\/users\/166"}],"replies":[{"embeddable":true,"href":"https:\/\/veganuary.com\/de\/wp-json\/wp\/v2\/comments?post=185441"}],"version-history":[{"count":0,"href":"https:\/\/veganuary.com\/de\/wp-json\/wp\/v2\/posts\/185441\/revisions"}],"wp:featuredmedia":[{"embeddable":true,"href":"https:\/\/veganuary.com\/de\/wp-json\/wp\/v2\/media\/185475"}],"wp:attachment":[{"href":"https:\/\/veganuary.com\/de\/wp-json\/wp\/v2\/media?parent=185441"}],"wp:term":[{"taxonomy":"category","embeddable":true,"href":"https:\/\/veganuary.com\/de\/wp-json\/wp\/v2\/categories?post=185441"},{"taxonomy":"post_tag","embeddable":true,"href":"https:\/\/veganuary.com\/de\/wp-json\/wp\/v2\/tags?post=185441"}],"curies":[{"name":"wp","href":"https:\/\/api.w.org\/{rel}","templated":true}]}}