{"id":136230,"date":"2021-12-30T19:05:48","date_gmt":"2021-12-30T19:05:48","guid":{"rendered":"https:\/\/veganuary.com\/?p=136230"},"modified":"2021-12-30T19:05:49","modified_gmt":"2021-12-30T19:05:49","slug":"diego-ibanez-vegano","status":"publish","type":"post","link":"https:\/\/veganuary.com\/es\/diego-ibanez-vegano\/","title":{"rendered":"Diputado chileno Diego Ib\u00e1\u00f1ez ser\u00e1 vegano por un mes: &#8220;El impacto que genera la industria animal para el bienestar de nuestros ecosistemas es muy nocivo y perjudicial\u201d"},"content":{"rendered":"\n<p><em>El parlamentario del Frente Amplio se apunt\u00f3 al desaf\u00edo de Veganuary&nbsp;,que invita a probar una dieta a base de plantas durante el mes de enero, por la salud, los animales y el medio ambiente.&nbsp;El diputado se suma a las parlamentarias Maite&nbsp;Orsini&nbsp;y Camila&nbsp;Musante, quienes tambi\u00e9n seguir\u00e1n esta dieta por 31 d\u00edas.&nbsp;<\/em>&nbsp;<\/p>\n\n\n\n<p><strong>30&nbsp;de diciembre \u2013&nbsp;<\/strong>El actual diputado chileno \u2013recientemente reelecto\u2013 por Convergencia Social,<strong>&nbsp;Diego Ib\u00e1\u00f1ez anunci\u00f3 a trav\u00e9s de la organizaci\u00f3n&nbsp;Veganuary&nbsp;que probar\u00e1 una dieta libre de productos de origen animal, como carne, leche y huevos durante enero de 2022.&nbsp;<\/strong>&nbsp;<\/p>\n\n\n\n<p>El parlamentario participar\u00e1 del desaf\u00edo anual de&nbsp;<strong>Veganuary<\/strong>, organizaci\u00f3n sin fines de lucro de origen brit\u00e1nica, pero con presencia internacional, que&nbsp;<strong>cada a\u00f1o convoca a miles de personas en todo el mundo para seguir una dieta vegana por 31 d\u00edas<\/strong>, ya sea por el impacto positivo de este tipo de alimentaci\u00f3n en los animales, en el medioambiente o en la salud de sus participantes.&nbsp;&nbsp;<\/p>\n\n\n\n<p>De esta forma, el<strong>&nbsp;diputado por el conglomerado Frente&nbsp;Amplio ser\u00e1&nbsp;parte de una causa que en su edici\u00f3n 2021 reuni\u00f3 a m\u00e1s de medio mill\u00f3n de personas \u2013 con 580,000 participantes de 209 pa\u00edses&nbsp;y territorios\u2013<\/strong>&nbsp;,&nbsp;quienes reciben durante todo un mes apoyo personalizado, recetas f\u00e1ciles, planes de comida y consejos para realizar una transici\u00f3n sencilla a una dieta vegana.&nbsp;En el caso de Chile, nuestro pa\u00eds se ubic\u00f3 dentro del top 10 de pa\u00edses con m\u00e1s participantes.&nbsp;&nbsp;<\/p>\n\n\n\n<figure class=\"wp-block-image size-full\"><img fetchpriority=\"high\" decoding=\"async\" width=\"1600\" height=\"1066\" src=\"https:\/\/veganuary.com\/wp-content\/uploads\/2021\/12\/image.jpeg\" alt=\"\" class=\"wp-image-136231\" srcset=\"https:\/\/veganuary.com\/wp-content\/uploads\/2021\/12\/image.jpeg 1600w, https:\/\/veganuary.com\/wp-content\/uploads\/2021\/12\/image-1200x800.jpeg 1200w, https:\/\/veganuary.com\/wp-content\/uploads\/2021\/12\/image-400x267.jpeg 400w, https:\/\/veganuary.com\/wp-content\/uploads\/2021\/12\/image-768x512.jpeg 768w, https:\/\/veganuary.com\/wp-content\/uploads\/2021\/12\/image-1536x1023.jpeg 1536w, https:\/\/veganuary.com\/wp-content\/uploads\/2021\/12\/image-800x533.jpeg 800w, https:\/\/veganuary.com\/wp-content\/uploads\/2021\/12\/image-150x100.jpeg 150w\" sizes=\"(max-width: 1600px) 100vw, 1600px\" \/><\/figure>\n\n\n\n<p>Ib\u00e1\u00f1ez, quien ya sigue una dieta vegetariana hace un tiempo, comparti\u00f3 sus motivos para sumarse a este desaf\u00edo. \u201c<strong>Amo a los animales. Creo que tienen derechos y, entre ellos, est\u00e1 el derecho a vivir. Animales humanos y no humanos podemos convivir en armon\u00eda y compartir el mundo en el que crecemos y nos desarrollamos\u201d<\/strong>, se\u00f1ala el representante del&nbsp;Distrito 6, quien tambi\u00e9n se refiri\u00f3 al impacto de la industria en la actual crisis clim\u00e1tica que vive el planeta.&nbsp;&nbsp;<\/p>\n\n\n\n<p>\u201c<strong>El impacto que genera la industria animal para el bienestar de nuestros ecosistemas es muy nocivo y perjudicial. La tala de bosques, las emisiones de gases y el consumo de agua entre otras cosas han contribuido a la situaci\u00f3n cr\u00edtica en la que nos encontramos actualmente.\u201d<\/strong>, plantea Ib\u00e1\u00f1ez, quien agrega que \u201cl<strong>a iniciativa de&nbsp;Veganuary&nbsp;me parece que cumple un rol importante instalando un tema en la agenda y desafiando los c\u00e1nones tradicionales de alimentaci\u00f3n\u201d.<\/strong>&nbsp;<\/p>\n\n\n\n<p>As\u00ed, el parlamentario se une a su compa\u00f1era de pacto,&nbsp;<strong>Maite&nbsp;Orsini<\/strong>, quien anunci\u00f3 hace unas semanas su participaci\u00f3n, quien en&nbsp;esa&nbsp;oportunidad se\u00f1al\u00f3 que&nbsp;<strong>\u201cme convencieron de que hay que intentarlo, que hay que evitar todo el sufrimiento que sea innecesario y que hay que buscar un mundo que sea m\u00e1s compasivo y solidario para todos y todas\u201d.<\/strong>&nbsp;<\/p>\n\n\n\n<p>A&nbsp;ambos&nbsp;se sum\u00f3 tambi\u00e9n&nbsp;la recientemente electa diputada por&nbsp;el Distrito 14,&nbsp;<strong>Camila&nbsp;Musante<\/strong>, quien&nbsp;explic\u00f3&nbsp;su motivaci\u00f3n para seguir esta dieta por 31 d\u00edas.&nbsp;<strong>\u201cAsum\u00ed el desaf\u00edo de&nbsp;Veganuary&nbsp;pues creo que el paradigma de la alimentaci\u00f3n debe cambiar para que haya un verdadero respeto hacia los animales no humanos y se pueda consagrar el principio de bienestar animal. Esta es una forma de decir que rechazamos la explotaci\u00f3n y el abuso a los animales no humanos y por lo mismo debemos cambiar nuestros h\u00e1bitos alimenticios.\u201d<\/strong>, plante\u00f3 la abogada&nbsp;ambientalista.&nbsp;&nbsp;<\/p>\n\n\n\n<p><strong>Llamado a&nbsp;Boric<\/strong>&nbsp;<\/p>\n\n\n\n<p>La incorporaci\u00f3n de estos parlamentarios\u00a0a la iniciativa impulsada por\u00a0Veganuary\u00a0hace eco a la reciente campa\u00f1a llevada a cabo por la organizaci\u00f3n Animal Libre,\u00a0quienes, tras los resultados del balotaje,\u00a0est\u00e1n haciendo un llamando en redes sociales con el hashtag\u00a0<strong>#PresidenteVegano<\/strong>\u00a0para invitar a que el\u00a0<strong>Presidente\u00a0electo en Chile Gabriel\u00a0Boric<\/strong>\u00a0se una a este desaf\u00edo. Lo anterior en l\u00ednea con\u00a0las\u00a0propuestas en materia ecologista que se encuentran presentes en su programa y donde el veganismo puede tener un rol fundamental como herramienta para mitigar la actual crisis clim\u00e1tica.\u00a0\u00a0\u00a0<\/p>\n\n\n\n<p>A&nbsp;prop\u00f3sito de este inter\u00e9s desde el mundo&nbsp;pol\u00edtico, el&nbsp;director&nbsp;para Latinoam\u00e9rica de&nbsp;Veganuary, Mauricio Serrano,&nbsp;se\u00f1al\u00f3 que&nbsp;<strong>\u201cadem\u00e1s de la ciudadan\u00eda en general, las autoridades se est\u00e9n inscribiendo para ser parte de este desaf\u00edo global, muestra lo importante de un cambio de h\u00e1bitos para el futuro de nuestro planeta y sus habitantes\u201d,&nbsp;<\/strong>afirm\u00f3.&nbsp;&nbsp;<\/p>\n\n\n\n<blockquote class=\"wp-block-quote is-layout-flow wp-block-quote-is-layout-flow\"><p>Esta iniciativa de apoyo a quienes quieran seguir una alimentaci\u00f3n vegana\u00a0est\u00e1 disponible de forma gratuita durante todo el a\u00f1o, entregando\u00a0recursos, consejos y apoyo para probar una dieta a base de plantas.\u00a0\u00a0Puedes inscribirte <a href=\"https:\/\/veganuary.com\/es\/inscribete\/\" target=\"_blank\" rel=\"noreferrer noopener\">aqu\u00ed<\/a>.<\/p><\/blockquote>\n","protected":false},"excerpt":{"rendered":"<p>El parlamentario del Frente Amplio se apunt\u00f3 al desaf\u00edo de Veganuary&nbsp;,que invita a probar una dieta a base de plantas&hellip;<\/p>\n","protected":false},"author":134,"featured_media":136242,"comment_status":"open","ping_status":"open","sticky":false,"template":"","format":"standard","meta":{"_acf_changed":false,"_coblocks_attr":"","_coblocks_dimensions":"","_coblocks_responsive_height":"","_coblocks_accordion_ie_support":"","footnotes":""},"categories":[660],"tags":[],"class_list":["post-136230","post","type-post","status-publish","format-standard","has-post-thumbnail","hentry","category-comunicados-de-prensa"],"acf":[],"yoast_head":"<!-- This site is optimized with the Yoast SEO plugin v27.4 - https:\/\/yoast.com\/product\/yoast-seo-wordpress\/ -->\n<title>Diego Ib\u00e1\u00f1ez ser\u00e1 vegano por un mes | Veganuary<\/title>\n<meta name=\"description\" content=\"El parlamentario del Frente Amplio se apunt\u00f3 al desaf\u00edo de Veganuary\u00a0,que invita a probar una dieta a base de plantas durante el mes de enero, por la salud, los animales y el medio ambiente.\u00a0El diputado se suma a las parlamentarias Maite\u00a0Orsini\u00a0y Camila\u00a0Musante, quienes tambi\u00e9n seguir\u00e1n esta dieta por 31 d\u00edas.\u00a0\u00a0\" \/>\n<meta name=\"robots\" content=\"index, follow, max-snippet:-1, max-image-preview:large, max-video-preview:-1\" \/>\n<link rel=\"canonical\" href=\"https:\/\/veganuary.com\/es\/diego-ibanez-vegano\/\" \/>\n<meta property=\"og:locale\" content=\"es_ES\" \/>\n<meta property=\"og:type\" content=\"article\" \/>\n<meta property=\"og:title\" content=\"Diego Ib\u00e1\u00f1ez ser\u00e1 vegano por un mes | Veganuary\" \/>\n<meta property=\"og:description\" content=\"El parlamentario del Frente Amplio se apunt\u00f3 al desaf\u00edo de Veganuary\u00a0,que invita a probar una dieta a base de plantas durante el mes de enero, por la salud, los animales y el medio ambiente.\u00a0El diputado se suma a las parlamentarias Maite\u00a0Orsini\u00a0y Camila\u00a0Musante, quienes tambi\u00e9n seguir\u00e1n esta dieta por 31 d\u00edas.\u00a0\u00a0\" \/>\n<meta property=\"og:url\" content=\"https:\/\/veganuary.com\/es\/diego-ibanez-vegano\/\" \/>\n<meta property=\"og:site_name\" content=\"Veganuary\" \/>\n<meta property=\"article:publisher\" content=\"https:\/\/www.facebook.com\/Veganuary\/\" \/>\n<meta property=\"article:published_time\" content=\"2021-12-30T19:05:48+00:00\" \/>\n<meta property=\"article:modified_time\" content=\"2021-12-30T19:05:49+00:00\" \/>\n<meta property=\"og:image\" content=\"https:\/\/veganuary.com\/wp-content\/uploads\/2021\/12\/image.jpeg\" \/>\n\t<meta property=\"og:image:width\" content=\"1600\" \/>\n\t<meta property=\"og:image:height\" content=\"1066\" \/>\n\t<meta property=\"og:image:type\" content=\"image\/jpeg\" \/>\n<meta name=\"author\" content=\"Mauricio\" \/>\n<meta name=\"twitter:card\" content=\"summary_large_image\" \/>\n<meta name=\"twitter:creator\" content=\"@veganuary\" \/>\n<meta name=\"twitter:site\" content=\"@veganuary\" \/>\n<meta name=\"twitter:label1\" content=\"Escrito por\" \/>\n\t<meta name=\"twitter:data1\" content=\"Mauricio\" \/>\n\t<meta name=\"twitter:label2\" content=\"Tiempo estimado de lectura\" \/>\n\t<meta name=\"twitter:data2\" content=\"4 minutos\" \/>\n<script type=\"application\/ld+json\" class=\"yoast-schema-graph\">{\"@context\":\"https:\\\/\\\/schema.org\",\"@graph\":[{\"@type\":\"Article\",\"@id\":\"https:\\\/\\\/veganuary.com\\\/es\\\/diego-ibanez-vegano\\\/#article\",\"isPartOf\":{\"@id\":\"https:\\\/\\\/veganuary.com\\\/es\\\/diego-ibanez-vegano\\\/\"},\"author\":{\"name\":\"Mauricio\",\"@id\":\"https:\\\/\\\/veganuary.com\\\/es\\\/#\\\/schema\\\/person\\\/09e629799789cde4d6143705a39da63d\"},\"headline\":\"Diputado chileno Diego Ib\u00e1\u00f1ez ser\u00e1 vegano por un mes: &#8220;El impacto que genera la industria animal para el bienestar de nuestros ecosistemas es muy nocivo y perjudicial\u201d\",\"datePublished\":\"2021-12-30T19:05:48+00:00\",\"dateModified\":\"2021-12-30T19:05:49+00:00\",\"mainEntityOfPage\":{\"@id\":\"https:\\\/\\\/veganuary.com\\\/es\\\/diego-ibanez-vegano\\\/\"},\"wordCount\":872,\"commentCount\":0,\"publisher\":{\"@id\":\"https:\\\/\\\/veganuary.com\\\/es\\\/#organization\"},\"image\":{\"@id\":\"https:\\\/\\\/veganuary.com\\\/es\\\/diego-ibanez-vegano\\\/#primaryimage\"},\"thumbnailUrl\":\"https:\\\/\\\/veganuary.com\\\/wp-content\\\/uploads\\\/2021\\\/12\\\/image.jpeg\",\"articleSection\":[\"Comunicados de prensa\"],\"inLanguage\":\"es-CL\",\"potentialAction\":[{\"@type\":\"CommentAction\",\"name\":\"Comment\",\"target\":[\"https:\\\/\\\/veganuary.com\\\/es\\\/diego-ibanez-vegano\\\/#respond\"]}]},{\"@type\":\"WebPage\",\"@id\":\"https:\\\/\\\/veganuary.com\\\/es\\\/diego-ibanez-vegano\\\/\",\"url\":\"https:\\\/\\\/veganuary.com\\\/es\\\/diego-ibanez-vegano\\\/\",\"name\":\"Diego Ib\u00e1\u00f1ez ser\u00e1 vegano por un mes | Veganuary\",\"isPartOf\":{\"@id\":\"https:\\\/\\\/veganuary.com\\\/es\\\/#website\"},\"primaryImageOfPage\":{\"@id\":\"https:\\\/\\\/veganuary.com\\\/es\\\/diego-ibanez-vegano\\\/#primaryimage\"},\"image\":{\"@id\":\"https:\\\/\\\/veganuary.com\\\/es\\\/diego-ibanez-vegano\\\/#primaryimage\"},\"thumbnailUrl\":\"https:\\\/\\\/veganuary.com\\\/wp-content\\\/uploads\\\/2021\\\/12\\\/image.jpeg\",\"datePublished\":\"2021-12-30T19:05:48+00:00\",\"dateModified\":\"2021-12-30T19:05:49+00:00\",\"description\":\"El parlamentario del Frente Amplio se apunt\u00f3 al desaf\u00edo de Veganuary\u00a0,que invita a probar una dieta a base de plantas durante el mes de enero, por la salud, los animales y el medio ambiente.\u00a0El diputado se suma a las parlamentarias Maite\u00a0Orsini\u00a0y Camila\u00a0Musante, quienes tambi\u00e9n seguir\u00e1n esta dieta por 31 d\u00edas.\u00a0\u00a0\",\"breadcrumb\":{\"@id\":\"https:\\\/\\\/veganuary.com\\\/es\\\/diego-ibanez-vegano\\\/#breadcrumb\"},\"inLanguage\":\"es-CL\",\"potentialAction\":[{\"@type\":\"ReadAction\",\"target\":[\"https:\\\/\\\/veganuary.com\\\/es\\\/diego-ibanez-vegano\\\/\"]}]},{\"@type\":\"ImageObject\",\"inLanguage\":\"es-CL\",\"@id\":\"https:\\\/\\\/veganuary.com\\\/es\\\/diego-ibanez-vegano\\\/#primaryimage\",\"url\":\"https:\\\/\\\/veganuary.com\\\/wp-content\\\/uploads\\\/2021\\\/12\\\/image.jpeg\",\"contentUrl\":\"https:\\\/\\\/veganuary.com\\\/wp-content\\\/uploads\\\/2021\\\/12\\\/image.jpeg\",\"width\":1600,\"height\":1066},{\"@type\":\"BreadcrumbList\",\"@id\":\"https:\\\/\\\/veganuary.com\\\/es\\\/diego-ibanez-vegano\\\/#breadcrumb\",\"itemListElement\":[{\"@type\":\"ListItem\",\"position\":1,\"name\":\"Home\",\"item\":\"https:\\\/\\\/veganuary.com\\\/es\\\/\"},{\"@type\":\"ListItem\",\"position\":2,\"name\":\"Diputado chileno Diego Ib\u00e1\u00f1ez ser\u00e1 vegano por un mes: &#8220;El impacto que genera la industria animal para el bienestar de nuestros ecosistemas es muy nocivo y perjudicial\u201d\"}]},{\"@type\":\"WebSite\",\"@id\":\"https:\\\/\\\/veganuary.com\\\/es\\\/#website\",\"url\":\"https:\\\/\\\/veganuary.com\\\/es\\\/\",\"name\":\"Veganuary\",\"description\":\"The website for Veganuary\",\"publisher\":{\"@id\":\"https:\\\/\\\/veganuary.com\\\/es\\\/#organization\"},\"potentialAction\":[{\"@type\":\"SearchAction\",\"target\":{\"@type\":\"EntryPoint\",\"urlTemplate\":\"https:\\\/\\\/veganuary.com\\\/es\\\/?s={search_term_string}\"},\"query-input\":{\"@type\":\"PropertyValueSpecification\",\"valueRequired\":true,\"valueName\":\"search_term_string\"}}],\"inLanguage\":\"es-CL\"},{\"@type\":\"Organization\",\"@id\":\"https:\\\/\\\/veganuary.com\\\/es\\\/#organization\",\"name\":\"Veganuary\",\"url\":\"https:\\\/\\\/veganuary.com\\\/es\\\/\",\"logo\":{\"@type\":\"ImageObject\",\"inLanguage\":\"es-CL\",\"@id\":\"https:\\\/\\\/veganuary.com\\\/es\\\/#\\\/schema\\\/logo\\\/image\\\/\",\"url\":\"https:\\\/\\\/veganuary.com\\\/wp-content\\\/uploads\\\/2020\\\/11\\\/135-veganuary-animals-icon-transparent-rgb.png\",\"contentUrl\":\"https:\\\/\\\/veganuary.com\\\/wp-content\\\/uploads\\\/2020\\\/11\\\/135-veganuary-animals-icon-transparent-rgb.png\",\"width\":135,\"height\":135,\"caption\":\"Veganuary\"},\"image\":{\"@id\":\"https:\\\/\\\/veganuary.com\\\/es\\\/#\\\/schema\\\/logo\\\/image\\\/\"},\"sameAs\":[\"https:\\\/\\\/www.facebook.com\\\/Veganuary\\\/\",\"https:\\\/\\\/x.com\\\/veganuary\",\"https:\\\/\\\/www.instagram.com\\\/weareveganuary\\\/\",\"https:\\\/\\\/www.linkedin.com\\\/company\\\/veganuary-limited\",\"https:\\\/\\\/www.pinterest.co.uk\\\/Veganuary\\\/\",\"https:\\\/\\\/www.youtube.com\\\/channel\\\/UCGDLtGanlPZLidEGP2N39CA\",\"https:\\\/\\\/en.wikipedia.org\\\/wiki\\\/Veganuary\"]},{\"@type\":\"Person\",\"@id\":\"https:\\\/\\\/veganuary.com\\\/es\\\/#\\\/schema\\\/person\\\/09e629799789cde4d6143705a39da63d\",\"name\":\"Mauricio\",\"image\":{\"@type\":\"ImageObject\",\"inLanguage\":\"es-CL\",\"@id\":\"https:\\\/\\\/secure.gravatar.com\\\/avatar\\\/e3d012e937357570b531eb98412e92163b4ae34a0f72b4036f090c1e01bdfb04?s=96&d=mm&r=g\",\"url\":\"https:\\\/\\\/secure.gravatar.com\\\/avatar\\\/e3d012e937357570b531eb98412e92163b4ae34a0f72b4036f090c1e01bdfb04?s=96&d=mm&r=g\",\"contentUrl\":\"https:\\\/\\\/secure.gravatar.com\\\/avatar\\\/e3d012e937357570b531eb98412e92163b4ae34a0f72b4036f090c1e01bdfb04?s=96&d=mm&r=g\",\"caption\":\"Mauricio\"}}]}<\/script>\n<!-- \/ Yoast SEO plugin. -->","yoast_head_json":{"title":"Diego Ib\u00e1\u00f1ez ser\u00e1 vegano por un mes | Veganuary","description":"El parlamentario del Frente Amplio se apunt\u00f3 al desaf\u00edo de Veganuary\u00a0,que invita a probar una dieta a base de plantas durante el mes de enero, por la salud, los animales y el medio ambiente.\u00a0El diputado se suma a las parlamentarias Maite\u00a0Orsini\u00a0y Camila\u00a0Musante, quienes tambi\u00e9n seguir\u00e1n esta dieta por 31 d\u00edas.\u00a0\u00a0","robots":{"index":"index","follow":"follow","max-snippet":"max-snippet:-1","max-image-preview":"max-image-preview:large","max-video-preview":"max-video-preview:-1"},"canonical":"https:\/\/veganuary.com\/es\/diego-ibanez-vegano\/","og_locale":"es_ES","og_type":"article","og_title":"Diego Ib\u00e1\u00f1ez ser\u00e1 vegano por un mes | Veganuary","og_description":"El parlamentario del Frente Amplio se apunt\u00f3 al desaf\u00edo de Veganuary\u00a0,que invita a probar una dieta a base de plantas durante el mes de enero, por la salud, los animales y el medio ambiente.\u00a0El diputado se suma a las parlamentarias Maite\u00a0Orsini\u00a0y Camila\u00a0Musante, quienes tambi\u00e9n seguir\u00e1n esta dieta por 31 d\u00edas.\u00a0\u00a0","og_url":"https:\/\/veganuary.com\/es\/diego-ibanez-vegano\/","og_site_name":"Veganuary","article_publisher":"https:\/\/www.facebook.com\/Veganuary\/","article_published_time":"2021-12-30T19:05:48+00:00","article_modified_time":"2021-12-30T19:05:49+00:00","og_image":[{"width":1600,"height":1066,"url":"https:\/\/veganuary.com\/wp-content\/uploads\/2021\/12\/image.jpeg","type":"image\/jpeg"}],"author":"Mauricio","twitter_card":"summary_large_image","twitter_creator":"@veganuary","twitter_site":"@veganuary","twitter_misc":{"Escrito por":"Mauricio","Tiempo estimado de lectura":"4 minutos"},"schema":{"@context":"https:\/\/schema.org","@graph":[{"@type":"Article","@id":"https:\/\/veganuary.com\/es\/diego-ibanez-vegano\/#article","isPartOf":{"@id":"https:\/\/veganuary.com\/es\/diego-ibanez-vegano\/"},"author":{"name":"Mauricio","@id":"https:\/\/veganuary.com\/es\/#\/schema\/person\/09e629799789cde4d6143705a39da63d"},"headline":"Diputado chileno Diego Ib\u00e1\u00f1ez ser\u00e1 vegano por un mes: &#8220;El impacto que genera la industria animal para el bienestar de nuestros ecosistemas es muy nocivo y perjudicial\u201d","datePublished":"2021-12-30T19:05:48+00:00","dateModified":"2021-12-30T19:05:49+00:00","mainEntityOfPage":{"@id":"https:\/\/veganuary.com\/es\/diego-ibanez-vegano\/"},"wordCount":872,"commentCount":0,"publisher":{"@id":"https:\/\/veganuary.com\/es\/#organization"},"image":{"@id":"https:\/\/veganuary.com\/es\/diego-ibanez-vegano\/#primaryimage"},"thumbnailUrl":"https:\/\/veganuary.com\/wp-content\/uploads\/2021\/12\/image.jpeg","articleSection":["Comunicados de prensa"],"inLanguage":"es-CL","potentialAction":[{"@type":"CommentAction","name":"Comment","target":["https:\/\/veganuary.com\/es\/diego-ibanez-vegano\/#respond"]}]},{"@type":"WebPage","@id":"https:\/\/veganuary.com\/es\/diego-ibanez-vegano\/","url":"https:\/\/veganuary.com\/es\/diego-ibanez-vegano\/","name":"Diego Ib\u00e1\u00f1ez ser\u00e1 vegano por un mes | Veganuary","isPartOf":{"@id":"https:\/\/veganuary.com\/es\/#website"},"primaryImageOfPage":{"@id":"https:\/\/veganuary.com\/es\/diego-ibanez-vegano\/#primaryimage"},"image":{"@id":"https:\/\/veganuary.com\/es\/diego-ibanez-vegano\/#primaryimage"},"thumbnailUrl":"https:\/\/veganuary.com\/wp-content\/uploads\/2021\/12\/image.jpeg","datePublished":"2021-12-30T19:05:48+00:00","dateModified":"2021-12-30T19:05:49+00:00","description":"El parlamentario del Frente Amplio se apunt\u00f3 al desaf\u00edo de Veganuary\u00a0,que invita a probar una dieta a base de plantas durante el mes de enero, por la salud, los animales y el medio ambiente.\u00a0El diputado se suma a las parlamentarias Maite\u00a0Orsini\u00a0y Camila\u00a0Musante, quienes tambi\u00e9n seguir\u00e1n esta dieta por 31 d\u00edas.\u00a0\u00a0","breadcrumb":{"@id":"https:\/\/veganuary.com\/es\/diego-ibanez-vegano\/#breadcrumb"},"inLanguage":"es-CL","potentialAction":[{"@type":"ReadAction","target":["https:\/\/veganuary.com\/es\/diego-ibanez-vegano\/"]}]},{"@type":"ImageObject","inLanguage":"es-CL","@id":"https:\/\/veganuary.com\/es\/diego-ibanez-vegano\/#primaryimage","url":"https:\/\/veganuary.com\/wp-content\/uploads\/2021\/12\/image.jpeg","contentUrl":"https:\/\/veganuary.com\/wp-content\/uploads\/2021\/12\/image.jpeg","width":1600,"height":1066},{"@type":"BreadcrumbList","@id":"https:\/\/veganuary.com\/es\/diego-ibanez-vegano\/#breadcrumb","itemListElement":[{"@type":"ListItem","position":1,"name":"Home","item":"https:\/\/veganuary.com\/es\/"},{"@type":"ListItem","position":2,"name":"Diputado chileno Diego Ib\u00e1\u00f1ez ser\u00e1 vegano por un mes: &#8220;El impacto que genera la industria animal para el bienestar de nuestros ecosistemas es muy nocivo y perjudicial\u201d"}]},{"@type":"WebSite","@id":"https:\/\/veganuary.com\/es\/#website","url":"https:\/\/veganuary.com\/es\/","name":"Veganuary","description":"The website for Veganuary","publisher":{"@id":"https:\/\/veganuary.com\/es\/#organization"},"potentialAction":[{"@type":"SearchAction","target":{"@type":"EntryPoint","urlTemplate":"https:\/\/veganuary.com\/es\/?s={search_term_string}"},"query-input":{"@type":"PropertyValueSpecification","valueRequired":true,"valueName":"search_term_string"}}],"inLanguage":"es-CL"},{"@type":"Organization","@id":"https:\/\/veganuary.com\/es\/#organization","name":"Veganuary","url":"https:\/\/veganuary.com\/es\/","logo":{"@type":"ImageObject","inLanguage":"es-CL","@id":"https:\/\/veganuary.com\/es\/#\/schema\/logo\/image\/","url":"https:\/\/veganuary.com\/wp-content\/uploads\/2020\/11\/135-veganuary-animals-icon-transparent-rgb.png","contentUrl":"https:\/\/veganuary.com\/wp-content\/uploads\/2020\/11\/135-veganuary-animals-icon-transparent-rgb.png","width":135,"height":135,"caption":"Veganuary"},"image":{"@id":"https:\/\/veganuary.com\/es\/#\/schema\/logo\/image\/"},"sameAs":["https:\/\/www.facebook.com\/Veganuary\/","https:\/\/x.com\/veganuary","https:\/\/www.instagram.com\/weareveganuary\/","https:\/\/www.linkedin.com\/company\/veganuary-limited","https:\/\/www.pinterest.co.uk\/Veganuary\/","https:\/\/www.youtube.com\/channel\/UCGDLtGanlPZLidEGP2N39CA","https:\/\/en.wikipedia.org\/wiki\/Veganuary"]},{"@type":"Person","@id":"https:\/\/veganuary.com\/es\/#\/schema\/person\/09e629799789cde4d6143705a39da63d","name":"Mauricio","image":{"@type":"ImageObject","inLanguage":"es-CL","@id":"https:\/\/secure.gravatar.com\/avatar\/e3d012e937357570b531eb98412e92163b4ae34a0f72b4036f090c1e01bdfb04?s=96&d=mm&r=g","url":"https:\/\/secure.gravatar.com\/avatar\/e3d012e937357570b531eb98412e92163b4ae34a0f72b4036f090c1e01bdfb04?s=96&d=mm&r=g","contentUrl":"https:\/\/secure.gravatar.com\/avatar\/e3d012e937357570b531eb98412e92163b4ae34a0f72b4036f090c1e01bdfb04?s=96&d=mm&r=g","caption":"Mauricio"}}]}},"_links":{"self":[{"href":"https:\/\/veganuary.com\/es\/wp-json\/wp\/v2\/posts\/136230","targetHints":{"allow":["GET"]}}],"collection":[{"href":"https:\/\/veganuary.com\/es\/wp-json\/wp\/v2\/posts"}],"about":[{"href":"https:\/\/veganuary.com\/es\/wp-json\/wp\/v2\/types\/post"}],"author":[{"embeddable":true,"href":"https:\/\/veganuary.com\/es\/wp-json\/wp\/v2\/users\/134"}],"replies":[{"embeddable":true,"href":"https:\/\/veganuary.com\/es\/wp-json\/wp\/v2\/comments?post=136230"}],"version-history":[{"count":0,"href":"https:\/\/veganuary.com\/es\/wp-json\/wp\/v2\/posts\/136230\/revisions"}],"wp:featuredmedia":[{"embeddable":true,"href":"https:\/\/veganuary.com\/es\/wp-json\/wp\/v2\/media\/136242"}],"wp:attachment":[{"href":"https:\/\/veganuary.com\/es\/wp-json\/wp\/v2\/media?parent=136230"}],"wp:term":[{"taxonomy":"category","embeddable":true,"href":"https:\/\/veganuary.com\/es\/wp-json\/wp\/v2\/categories?post=136230"},{"taxonomy":"post_tag","embeddable":true,"href":"https:\/\/veganuary.com\/es\/wp-json\/wp\/v2\/tags?post=136230"}],"curies":[{"name":"wp","href":"https:\/\/api.w.org\/{rel}","templated":true}]}}