{"id":166042,"date":"2022-12-27T15:00:00","date_gmt":"2022-12-27T15:00:00","guid":{"rendered":"https:\/\/veganuary.com\/?p=166042"},"modified":"2023-07-06T15:16:48","modified_gmt":"2023-07-06T14:16:48","slug":"politicos-se-suman-desafio-enero-vegano","status":"publish","type":"post","link":"https:\/\/veganuary.com\/es\/politicos-se-suman-desafio-enero-vegano\/","title":{"rendered":"Pol\u00edticos de latinoam\u00e9rica se suman al desaf\u00edo de un Enero Vegano"},"content":{"rendered":"\n<ul class=\"wp-block-list\">\n<li><strong>\u201cComo generaci\u00f3n, tenemos el deber hist\u00f3rico de hacer frente a la crisis clim\u00e1tica\u201d, dijo Jorge Brito, diputado chileno, en un <\/strong><a href=\"https:\/\/drive.google.com\/drive\/folders\/1sj3YCccPdWgjqjg9Wgv5zbRTKrST5QTK\" target=\"_blank\" rel=\"noreferrer noopener\"><strong>video<\/strong><\/a><strong> de apoyo para el pr\u00f3ximo Enero Vegano de Veganuary. <\/strong><\/li>\n<\/ul>\n\n\n<div class=\"wp-block-image\">\n<figure class=\"aligncenter size-full\"><img fetchpriority=\"high\" decoding=\"async\" width=\"353\" height=\"512\" src=\"https:\/\/veganuary.com\/wp-content\/uploads\/2022\/12\/Captura-de-Pantalla-2022-12-23-a-las-12.34.53.png\" alt=\"\" class=\"wp-image-166059\" srcset=\"https:\/\/veganuary.com\/wp-content\/uploads\/2022\/12\/Captura-de-Pantalla-2022-12-23-a-las-12.34.53.png 353w, https:\/\/veganuary.com\/wp-content\/uploads\/2022\/12\/Captura-de-Pantalla-2022-12-23-a-las-12.34.53-150x218.png 150w\" sizes=\"(max-width: 353px) 100vw, 353px\" \/><figcaption class=\"wp-element-caption\">Jorge Brito, diputado de Chile<\/figcaption><\/figure>\n<\/div>\n\n\n<p>A pocos d\u00edas de iniciar un nuevo \u201cEnero Vegano\u201d, no solo celebridades de todo el mundo, sino que tambi\u00e9n autoridades de diversos pa\u00edses de Sudam\u00e9rica siguen apoyando a Veganuary, animando as\u00ed a miles de personas a probar el veganismo en enero. <\/p>\n\n\n\n<p>La campa\u00f1a 2023 busca concientizar acerca de los efectos positivos de llevar una alimentaci\u00f3n basada en plantas tanto para el planeta -y detener los efectos del cambio clim\u00e1tico- como para los animales.&nbsp;<\/p>\n\n\n\n<p>En Chile, el diputado por el 7\u00ba Distrito, Regi\u00f3n Valpara\u00edso,&nbsp;<a href=\"https:\/\/www.instagram.com\/britodiputado\/\" target=\"_blank\" rel=\"noreferrer noopener\">Jorge Brito<\/a>, se sum\u00f3 a la campa\u00f1a de la organizaci\u00f3n y probar\u00e1 el veganismo durante enero. \u201cSi bien soy vegetariano, es muy importante profundizar la empat\u00eda, la conciencia y adem\u00e1s como generaci\u00f3n, tenemos el deber hist\u00f3rico de hacer frente a la crisis clim\u00e1tica\u201d, dijo el parlamentario.&nbsp;<\/p>\n\n\n\n<p>El pol\u00edtico de&nbsp;Revoluci\u00f3n Democr\u00e1tica, que integr\u00f3 las comisiones permanentes de Hacienda, hasta el 12 de octubre de 2022; Defensa Nacional; Pesca, Acuicultura e Intereses Mar\u00edtimos; y&nbsp;Control del sistema de inteligencia del Estado, tambi\u00e9n ha trabajado por el bienestar animal, patrocinando y llevando proyectos en esta l\u00ednea, por ejemplo, en la industria acu\u00edcola. &nbsp;<\/p>\n\n\n\n<h2 class=\"wp-block-heading\">Enero vegano en Colombia<\/h2>\n\n\n\n<p>Autoridades de otros pa\u00edses tambi\u00e9n han querido apoyar el movimiento, como la senadora animalista <a href=\"https:\/\/www.instagram.com\/andreanimalidad\/?hl=es\" target=\"_blank\" rel=\"noreferrer noopener\">Andrea Padilla<\/a> en Colombia, que declar\u00f3 -en un <a href=\"https:\/\/drive.google.com\/file\/d\/1u_1YSgMR1EVMLomjoYUW0ITyfe19LErr\/view?usp=sharing\" target=\"_blank\" rel=\"noreferrer noopener\">video <\/a>de apoyo a la campa\u00f1a- que \u201cen el mundo, millones de personas como yo, han optado por el veganismo, una alimentaci\u00f3n libre de crueldad que, por supuesto es buena para los animales, es buena para el planeta, es buena para la salud de los consumidores. Una invitaci\u00f3n a que en enero se den la oportunidad de probar esta forma de alimentaci\u00f3n (\u2026) Por ustedes, por el planeta y por los animales\u201d.&nbsp;<\/p>\n\n\n<div class=\"wp-block-image\">\n<figure class=\"aligncenter size-full\"><img decoding=\"async\" width=\"1007\" height=\"533\" src=\"https:\/\/veganuary.com\/wp-content\/uploads\/2022\/12\/Captura-de-Pantalla-2022-12-23-a-las-12.44.44.png\" alt=\"\" class=\"wp-image-166074\" srcset=\"https:\/\/veganuary.com\/wp-content\/uploads\/2022\/12\/Captura-de-Pantalla-2022-12-23-a-las-12.44.44.png 1007w, https:\/\/veganuary.com\/wp-content\/uploads\/2022\/12\/Captura-de-Pantalla-2022-12-23-a-las-12.44.44-400x212.png 400w, https:\/\/veganuary.com\/wp-content\/uploads\/2022\/12\/Captura-de-Pantalla-2022-12-23-a-las-12.44.44-768x406.png 768w, https:\/\/veganuary.com\/wp-content\/uploads\/2022\/12\/Captura-de-Pantalla-2022-12-23-a-las-12.44.44-800x423.png 800w, https:\/\/veganuary.com\/wp-content\/uploads\/2022\/12\/Captura-de-Pantalla-2022-12-23-a-las-12.44.44-150x79.png 150w\" sizes=\"(max-width: 1007px) 100vw, 1007px\" \/><figcaption class=\"wp-element-caption\">Andrea Padilla, senador Colombia<\/figcaption><\/figure>\n<\/div>\n\n\n<p>La senadora cuenta con una gran trayectoria defendiendo los derechos de los animales en Colombia. Adem\u00e1s de fundar el Equipo CER Gatos para ir en ayuda de los gatos sin hogar en Bogot\u00e1 y ayudar a miles de animales a trav\u00e9s de diferentes iniciativas de esterilizaci\u00f3n y hogares de paso, en 2021 fue reconocida por Peta Latino, quienes le otorgaron el galard\u00f3n \u201cMujer defensora de los animales\u201d.&nbsp;<\/p>\n\n\n\n<p>\u00bfTodav\u00eda no te sumas? Entra a <a href=\"https:\/\/veganuary.com\/es\/inscribete\/\" target=\"_blank\" rel=\"noreferrer noopener\">Veganuary.es<\/a> y s\u00e9 parte de esta revoluci\u00f3n.<\/p>\n","protected":false},"excerpt":{"rendered":"<p>A pocos d\u00edas de iniciar un nuevo \u201cEnero Vegano\u201d, no solo celebridades de todo el mundo, sino que tambi\u00e9n autoridades&hellip;<\/p>\n","protected":false},"author":163,"featured_media":166059,"comment_status":"open","ping_status":"open","sticky":false,"template":"","format":"standard","meta":{"_acf_changed":false,"_coblocks_attr":"","_coblocks_dimensions":"","_coblocks_responsive_height":"","_coblocks_accordion_ie_support":"","footnotes":""},"categories":[660],"tags":[],"class_list":["post-166042","post","type-post","status-publish","format-standard","has-post-thumbnail","hentry","category-comunicados-de-prensa"],"acf":[],"yoast_head":"<!-- This site is optimized with the Yoast SEO plugin v27.4 - https:\/\/yoast.com\/product\/yoast-seo-wordpress\/ -->\n<title>Pol\u00edticos se suman al desaf\u00edo de un Enero Vegano | Veganuary<\/title>\n<meta name=\"description\" content=\"&quot;Como generaci\u00f3n, tenemos el deber hist\u00f3rico de hacer frente a la crisis clim\u00e1tica\u201d, dijo Jorge Brito, diputado chileno, en apoyo al pr\u00f3ximo Enero Vegano.\" \/>\n<meta name=\"robots\" content=\"index, follow, max-snippet:-1, max-image-preview:large, max-video-preview:-1\" \/>\n<link rel=\"canonical\" href=\"https:\/\/veganuary.com\/es\/politicos-se-suman-desafio-enero-vegano\/\" \/>\n<meta property=\"og:locale\" content=\"es_ES\" \/>\n<meta property=\"og:type\" content=\"article\" \/>\n<meta property=\"og:title\" content=\"Pol\u00edticos se suman al desaf\u00edo de un Enero Vegano\" \/>\n<meta property=\"og:description\" content=\"&quot;Como generaci\u00f3n, tenemos el deber hist\u00f3rico de hacer frente a la crisis clim\u00e1tica\u201d, dijo Jorge Brito, diputado chileno, en apoyo al pr\u00f3ximo Enero Vegano.\" \/>\n<meta property=\"og:url\" content=\"https:\/\/veganuary.com\/es\/politicos-se-suman-desafio-enero-vegano\/\" \/>\n<meta property=\"og:site_name\" content=\"Veganuary\" \/>\n<meta property=\"article:publisher\" content=\"https:\/\/www.facebook.com\/Veganuary\/\" \/>\n<meta property=\"article:published_time\" content=\"2022-12-27T15:00:00+00:00\" \/>\n<meta property=\"article:modified_time\" content=\"2023-07-06T14:16:48+00:00\" \/>\n<meta property=\"og:image\" content=\"https:\/\/veganuary.com\/wp-content\/uploads\/2022\/12\/Captura-de-Pantalla-2022-12-23-a-las-12.34.53.png\" \/>\n\t<meta property=\"og:image:width\" content=\"353\" \/>\n\t<meta property=\"og:image:height\" content=\"512\" \/>\n\t<meta property=\"og:image:type\" content=\"image\/png\" \/>\n<meta name=\"author\" content=\"Francisca\" \/>\n<meta name=\"twitter:card\" content=\"summary_large_image\" \/>\n<meta name=\"twitter:title\" content=\"Pol\u00edticos se suman al desaf\u00edo de un Enero Vegano\" \/>\n<meta name=\"twitter:image\" content=\"https:\/\/veganuary.com\/wp-content\/uploads\/2022\/12\/Captura-de-Pantalla-2022-12-23-a-las-12.34.53.png\" \/>\n<meta name=\"twitter:creator\" content=\"@veganuary\" \/>\n<meta name=\"twitter:site\" content=\"@veganuary\" \/>\n<meta name=\"twitter:label1\" content=\"Escrito por\" \/>\n\t<meta name=\"twitter:data1\" content=\"Francisca\" \/>\n\t<meta name=\"twitter:label2\" content=\"Tiempo estimado de lectura\" \/>\n\t<meta name=\"twitter:data2\" content=\"3 minutos\" \/>\n<script type=\"application\/ld+json\" class=\"yoast-schema-graph\">{\"@context\":\"https:\\\/\\\/schema.org\",\"@graph\":[{\"@type\":\"Article\",\"@id\":\"https:\\\/\\\/veganuary.com\\\/es\\\/politicos-se-suman-desafio-enero-vegano\\\/#article\",\"isPartOf\":{\"@id\":\"https:\\\/\\\/veganuary.com\\\/es\\\/politicos-se-suman-desafio-enero-vegano\\\/\"},\"author\":{\"name\":\"Francisca\",\"@id\":\"https:\\\/\\\/veganuary.com\\\/es\\\/#\\\/schema\\\/person\\\/4b86b42ef7a9cac433480b6e4ac45a09\"},\"headline\":\"Pol\u00edticos de latinoam\u00e9rica se suman al desaf\u00edo de un Enero Vegano\",\"datePublished\":\"2022-12-27T15:00:00+00:00\",\"dateModified\":\"2023-07-06T14:16:48+00:00\",\"mainEntityOfPage\":{\"@id\":\"https:\\\/\\\/veganuary.com\\\/es\\\/politicos-se-suman-desafio-enero-vegano\\\/\"},\"wordCount\":456,\"commentCount\":0,\"publisher\":{\"@id\":\"https:\\\/\\\/veganuary.com\\\/es\\\/#organization\"},\"image\":{\"@id\":\"https:\\\/\\\/veganuary.com\\\/es\\\/politicos-se-suman-desafio-enero-vegano\\\/#primaryimage\"},\"thumbnailUrl\":\"https:\\\/\\\/veganuary.com\\\/wp-content\\\/uploads\\\/2022\\\/12\\\/Captura-de-Pantalla-2022-12-23-a-las-12.34.53.png\",\"articleSection\":[\"Comunicados de prensa\"],\"inLanguage\":\"es-CL\",\"potentialAction\":[{\"@type\":\"CommentAction\",\"name\":\"Comment\",\"target\":[\"https:\\\/\\\/veganuary.com\\\/es\\\/politicos-se-suman-desafio-enero-vegano\\\/#respond\"]}]},{\"@type\":\"WebPage\",\"@id\":\"https:\\\/\\\/veganuary.com\\\/es\\\/politicos-se-suman-desafio-enero-vegano\\\/\",\"url\":\"https:\\\/\\\/veganuary.com\\\/es\\\/politicos-se-suman-desafio-enero-vegano\\\/\",\"name\":\"Pol\u00edticos se suman al desaf\u00edo de un Enero Vegano | Veganuary\",\"isPartOf\":{\"@id\":\"https:\\\/\\\/veganuary.com\\\/es\\\/#website\"},\"primaryImageOfPage\":{\"@id\":\"https:\\\/\\\/veganuary.com\\\/es\\\/politicos-se-suman-desafio-enero-vegano\\\/#primaryimage\"},\"image\":{\"@id\":\"https:\\\/\\\/veganuary.com\\\/es\\\/politicos-se-suman-desafio-enero-vegano\\\/#primaryimage\"},\"thumbnailUrl\":\"https:\\\/\\\/veganuary.com\\\/wp-content\\\/uploads\\\/2022\\\/12\\\/Captura-de-Pantalla-2022-12-23-a-las-12.34.53.png\",\"datePublished\":\"2022-12-27T15:00:00+00:00\",\"dateModified\":\"2023-07-06T14:16:48+00:00\",\"description\":\"\\\"Como generaci\u00f3n, tenemos el deber hist\u00f3rico de hacer frente a la crisis clim\u00e1tica\u201d, dijo Jorge Brito, diputado chileno, en apoyo al pr\u00f3ximo Enero Vegano.\",\"breadcrumb\":{\"@id\":\"https:\\\/\\\/veganuary.com\\\/es\\\/politicos-se-suman-desafio-enero-vegano\\\/#breadcrumb\"},\"inLanguage\":\"es-CL\",\"potentialAction\":[{\"@type\":\"ReadAction\",\"target\":[\"https:\\\/\\\/veganuary.com\\\/es\\\/politicos-se-suman-desafio-enero-vegano\\\/\"]}]},{\"@type\":\"ImageObject\",\"inLanguage\":\"es-CL\",\"@id\":\"https:\\\/\\\/veganuary.com\\\/es\\\/politicos-se-suman-desafio-enero-vegano\\\/#primaryimage\",\"url\":\"https:\\\/\\\/veganuary.com\\\/wp-content\\\/uploads\\\/2022\\\/12\\\/Captura-de-Pantalla-2022-12-23-a-las-12.34.53.png\",\"contentUrl\":\"https:\\\/\\\/veganuary.com\\\/wp-content\\\/uploads\\\/2022\\\/12\\\/Captura-de-Pantalla-2022-12-23-a-las-12.34.53.png\",\"width\":353,\"height\":512},{\"@type\":\"BreadcrumbList\",\"@id\":\"https:\\\/\\\/veganuary.com\\\/es\\\/politicos-se-suman-desafio-enero-vegano\\\/#breadcrumb\",\"itemListElement\":[{\"@type\":\"ListItem\",\"position\":1,\"name\":\"Home\",\"item\":\"https:\\\/\\\/veganuary.com\\\/es\\\/\"},{\"@type\":\"ListItem\",\"position\":2,\"name\":\"Pol\u00edticos de latinoam\u00e9rica se suman al desaf\u00edo de un Enero Vegano\"}]},{\"@type\":\"WebSite\",\"@id\":\"https:\\\/\\\/veganuary.com\\\/es\\\/#website\",\"url\":\"https:\\\/\\\/veganuary.com\\\/es\\\/\",\"name\":\"Veganuary\",\"description\":\"The website for Veganuary\",\"publisher\":{\"@id\":\"https:\\\/\\\/veganuary.com\\\/es\\\/#organization\"},\"potentialAction\":[{\"@type\":\"SearchAction\",\"target\":{\"@type\":\"EntryPoint\",\"urlTemplate\":\"https:\\\/\\\/veganuary.com\\\/es\\\/?s={search_term_string}\"},\"query-input\":{\"@type\":\"PropertyValueSpecification\",\"valueRequired\":true,\"valueName\":\"search_term_string\"}}],\"inLanguage\":\"es-CL\"},{\"@type\":\"Organization\",\"@id\":\"https:\\\/\\\/veganuary.com\\\/es\\\/#organization\",\"name\":\"Veganuary\",\"url\":\"https:\\\/\\\/veganuary.com\\\/es\\\/\",\"logo\":{\"@type\":\"ImageObject\",\"inLanguage\":\"es-CL\",\"@id\":\"https:\\\/\\\/veganuary.com\\\/es\\\/#\\\/schema\\\/logo\\\/image\\\/\",\"url\":\"https:\\\/\\\/veganuary.com\\\/wp-content\\\/uploads\\\/2020\\\/11\\\/135-veganuary-animals-icon-transparent-rgb.png\",\"contentUrl\":\"https:\\\/\\\/veganuary.com\\\/wp-content\\\/uploads\\\/2020\\\/11\\\/135-veganuary-animals-icon-transparent-rgb.png\",\"width\":135,\"height\":135,\"caption\":\"Veganuary\"},\"image\":{\"@id\":\"https:\\\/\\\/veganuary.com\\\/es\\\/#\\\/schema\\\/logo\\\/image\\\/\"},\"sameAs\":[\"https:\\\/\\\/www.facebook.com\\\/Veganuary\\\/\",\"https:\\\/\\\/x.com\\\/veganuary\",\"https:\\\/\\\/www.instagram.com\\\/weareveganuary\\\/\",\"https:\\\/\\\/www.linkedin.com\\\/company\\\/veganuary-limited\",\"https:\\\/\\\/www.pinterest.co.uk\\\/Veganuary\\\/\",\"https:\\\/\\\/www.youtube.com\\\/channel\\\/UCGDLtGanlPZLidEGP2N39CA\",\"https:\\\/\\\/en.wikipedia.org\\\/wiki\\\/Veganuary\"]},{\"@type\":\"Person\",\"@id\":\"https:\\\/\\\/veganuary.com\\\/es\\\/#\\\/schema\\\/person\\\/4b86b42ef7a9cac433480b6e4ac45a09\",\"name\":\"Francisca\",\"image\":{\"@type\":\"ImageObject\",\"inLanguage\":\"es-CL\",\"@id\":\"https:\\\/\\\/secure.gravatar.com\\\/avatar\\\/be22812aebc29a3a85a8aac7950b16e7c571ec1fa82ea3b08ce36d711cbdfd10?s=96&d=mm&r=g\",\"url\":\"https:\\\/\\\/secure.gravatar.com\\\/avatar\\\/be22812aebc29a3a85a8aac7950b16e7c571ec1fa82ea3b08ce36d711cbdfd10?s=96&d=mm&r=g\",\"contentUrl\":\"https:\\\/\\\/secure.gravatar.com\\\/avatar\\\/be22812aebc29a3a85a8aac7950b16e7c571ec1fa82ea3b08ce36d711cbdfd10?s=96&d=mm&r=g\",\"caption\":\"Francisca\"}}]}<\/script>\n<!-- \/ Yoast SEO plugin. -->","yoast_head_json":{"title":"Pol\u00edticos se suman al desaf\u00edo de un Enero Vegano | Veganuary","description":"\"Como generaci\u00f3n, tenemos el deber hist\u00f3rico de hacer frente a la crisis clim\u00e1tica\u201d, dijo Jorge Brito, diputado chileno, en apoyo al pr\u00f3ximo Enero Vegano.","robots":{"index":"index","follow":"follow","max-snippet":"max-snippet:-1","max-image-preview":"max-image-preview:large","max-video-preview":"max-video-preview:-1"},"canonical":"https:\/\/veganuary.com\/es\/politicos-se-suman-desafio-enero-vegano\/","og_locale":"es_ES","og_type":"article","og_title":"Pol\u00edticos se suman al desaf\u00edo de un Enero Vegano","og_description":"\"Como generaci\u00f3n, tenemos el deber hist\u00f3rico de hacer frente a la crisis clim\u00e1tica\u201d, dijo Jorge Brito, diputado chileno, en apoyo al pr\u00f3ximo Enero Vegano.","og_url":"https:\/\/veganuary.com\/es\/politicos-se-suman-desafio-enero-vegano\/","og_site_name":"Veganuary","article_publisher":"https:\/\/www.facebook.com\/Veganuary\/","article_published_time":"2022-12-27T15:00:00+00:00","article_modified_time":"2023-07-06T14:16:48+00:00","og_image":[{"width":353,"height":512,"url":"https:\/\/veganuary.com\/wp-content\/uploads\/2022\/12\/Captura-de-Pantalla-2022-12-23-a-las-12.34.53.png","type":"image\/png"}],"author":"Francisca","twitter_card":"summary_large_image","twitter_title":"Pol\u00edticos se suman al desaf\u00edo de un Enero Vegano","twitter_image":"https:\/\/veganuary.com\/wp-content\/uploads\/2022\/12\/Captura-de-Pantalla-2022-12-23-a-las-12.34.53.png","twitter_creator":"@veganuary","twitter_site":"@veganuary","twitter_misc":{"Escrito por":"Francisca","Tiempo estimado de lectura":"3 minutos"},"schema":{"@context":"https:\/\/schema.org","@graph":[{"@type":"Article","@id":"https:\/\/veganuary.com\/es\/politicos-se-suman-desafio-enero-vegano\/#article","isPartOf":{"@id":"https:\/\/veganuary.com\/es\/politicos-se-suman-desafio-enero-vegano\/"},"author":{"name":"Francisca","@id":"https:\/\/veganuary.com\/es\/#\/schema\/person\/4b86b42ef7a9cac433480b6e4ac45a09"},"headline":"Pol\u00edticos de latinoam\u00e9rica se suman al desaf\u00edo de un Enero Vegano","datePublished":"2022-12-27T15:00:00+00:00","dateModified":"2023-07-06T14:16:48+00:00","mainEntityOfPage":{"@id":"https:\/\/veganuary.com\/es\/politicos-se-suman-desafio-enero-vegano\/"},"wordCount":456,"commentCount":0,"publisher":{"@id":"https:\/\/veganuary.com\/es\/#organization"},"image":{"@id":"https:\/\/veganuary.com\/es\/politicos-se-suman-desafio-enero-vegano\/#primaryimage"},"thumbnailUrl":"https:\/\/veganuary.com\/wp-content\/uploads\/2022\/12\/Captura-de-Pantalla-2022-12-23-a-las-12.34.53.png","articleSection":["Comunicados de prensa"],"inLanguage":"es-CL","potentialAction":[{"@type":"CommentAction","name":"Comment","target":["https:\/\/veganuary.com\/es\/politicos-se-suman-desafio-enero-vegano\/#respond"]}]},{"@type":"WebPage","@id":"https:\/\/veganuary.com\/es\/politicos-se-suman-desafio-enero-vegano\/","url":"https:\/\/veganuary.com\/es\/politicos-se-suman-desafio-enero-vegano\/","name":"Pol\u00edticos se suman al desaf\u00edo de un Enero Vegano | Veganuary","isPartOf":{"@id":"https:\/\/veganuary.com\/es\/#website"},"primaryImageOfPage":{"@id":"https:\/\/veganuary.com\/es\/politicos-se-suman-desafio-enero-vegano\/#primaryimage"},"image":{"@id":"https:\/\/veganuary.com\/es\/politicos-se-suman-desafio-enero-vegano\/#primaryimage"},"thumbnailUrl":"https:\/\/veganuary.com\/wp-content\/uploads\/2022\/12\/Captura-de-Pantalla-2022-12-23-a-las-12.34.53.png","datePublished":"2022-12-27T15:00:00+00:00","dateModified":"2023-07-06T14:16:48+00:00","description":"\"Como generaci\u00f3n, tenemos el deber hist\u00f3rico de hacer frente a la crisis clim\u00e1tica\u201d, dijo Jorge Brito, diputado chileno, en apoyo al pr\u00f3ximo Enero Vegano.","breadcrumb":{"@id":"https:\/\/veganuary.com\/es\/politicos-se-suman-desafio-enero-vegano\/#breadcrumb"},"inLanguage":"es-CL","potentialAction":[{"@type":"ReadAction","target":["https:\/\/veganuary.com\/es\/politicos-se-suman-desafio-enero-vegano\/"]}]},{"@type":"ImageObject","inLanguage":"es-CL","@id":"https:\/\/veganuary.com\/es\/politicos-se-suman-desafio-enero-vegano\/#primaryimage","url":"https:\/\/veganuary.com\/wp-content\/uploads\/2022\/12\/Captura-de-Pantalla-2022-12-23-a-las-12.34.53.png","contentUrl":"https:\/\/veganuary.com\/wp-content\/uploads\/2022\/12\/Captura-de-Pantalla-2022-12-23-a-las-12.34.53.png","width":353,"height":512},{"@type":"BreadcrumbList","@id":"https:\/\/veganuary.com\/es\/politicos-se-suman-desafio-enero-vegano\/#breadcrumb","itemListElement":[{"@type":"ListItem","position":1,"name":"Home","item":"https:\/\/veganuary.com\/es\/"},{"@type":"ListItem","position":2,"name":"Pol\u00edticos de latinoam\u00e9rica se suman al desaf\u00edo de un Enero Vegano"}]},{"@type":"WebSite","@id":"https:\/\/veganuary.com\/es\/#website","url":"https:\/\/veganuary.com\/es\/","name":"Veganuary","description":"The website for Veganuary","publisher":{"@id":"https:\/\/veganuary.com\/es\/#organization"},"potentialAction":[{"@type":"SearchAction","target":{"@type":"EntryPoint","urlTemplate":"https:\/\/veganuary.com\/es\/?s={search_term_string}"},"query-input":{"@type":"PropertyValueSpecification","valueRequired":true,"valueName":"search_term_string"}}],"inLanguage":"es-CL"},{"@type":"Organization","@id":"https:\/\/veganuary.com\/es\/#organization","name":"Veganuary","url":"https:\/\/veganuary.com\/es\/","logo":{"@type":"ImageObject","inLanguage":"es-CL","@id":"https:\/\/veganuary.com\/es\/#\/schema\/logo\/image\/","url":"https:\/\/veganuary.com\/wp-content\/uploads\/2020\/11\/135-veganuary-animals-icon-transparent-rgb.png","contentUrl":"https:\/\/veganuary.com\/wp-content\/uploads\/2020\/11\/135-veganuary-animals-icon-transparent-rgb.png","width":135,"height":135,"caption":"Veganuary"},"image":{"@id":"https:\/\/veganuary.com\/es\/#\/schema\/logo\/image\/"},"sameAs":["https:\/\/www.facebook.com\/Veganuary\/","https:\/\/x.com\/veganuary","https:\/\/www.instagram.com\/weareveganuary\/","https:\/\/www.linkedin.com\/company\/veganuary-limited","https:\/\/www.pinterest.co.uk\/Veganuary\/","https:\/\/www.youtube.com\/channel\/UCGDLtGanlPZLidEGP2N39CA","https:\/\/en.wikipedia.org\/wiki\/Veganuary"]},{"@type":"Person","@id":"https:\/\/veganuary.com\/es\/#\/schema\/person\/4b86b42ef7a9cac433480b6e4ac45a09","name":"Francisca","image":{"@type":"ImageObject","inLanguage":"es-CL","@id":"https:\/\/secure.gravatar.com\/avatar\/be22812aebc29a3a85a8aac7950b16e7c571ec1fa82ea3b08ce36d711cbdfd10?s=96&d=mm&r=g","url":"https:\/\/secure.gravatar.com\/avatar\/be22812aebc29a3a85a8aac7950b16e7c571ec1fa82ea3b08ce36d711cbdfd10?s=96&d=mm&r=g","contentUrl":"https:\/\/secure.gravatar.com\/avatar\/be22812aebc29a3a85a8aac7950b16e7c571ec1fa82ea3b08ce36d711cbdfd10?s=96&d=mm&r=g","caption":"Francisca"}}]}},"_links":{"self":[{"href":"https:\/\/veganuary.com\/es\/wp-json\/wp\/v2\/posts\/166042","targetHints":{"allow":["GET"]}}],"collection":[{"href":"https:\/\/veganuary.com\/es\/wp-json\/wp\/v2\/posts"}],"about":[{"href":"https:\/\/veganuary.com\/es\/wp-json\/wp\/v2\/types\/post"}],"author":[{"embeddable":true,"href":"https:\/\/veganuary.com\/es\/wp-json\/wp\/v2\/users\/163"}],"replies":[{"embeddable":true,"href":"https:\/\/veganuary.com\/es\/wp-json\/wp\/v2\/comments?post=166042"}],"version-history":[{"count":0,"href":"https:\/\/veganuary.com\/es\/wp-json\/wp\/v2\/posts\/166042\/revisions"}],"wp:featuredmedia":[{"embeddable":true,"href":"https:\/\/veganuary.com\/es\/wp-json\/wp\/v2\/media\/166059"}],"wp:attachment":[{"href":"https:\/\/veganuary.com\/es\/wp-json\/wp\/v2\/media?parent=166042"}],"wp:term":[{"taxonomy":"category","embeddable":true,"href":"https:\/\/veganuary.com\/es\/wp-json\/wp\/v2\/categories?post=166042"},{"taxonomy":"post_tag","embeddable":true,"href":"https:\/\/veganuary.com\/es\/wp-json\/wp\/v2\/tags?post=166042"}],"curies":[{"name":"wp","href":"https:\/\/api.w.org\/{rel}","templated":true}]}}