{"id":273165,"date":"2025-03-10T16:48:46","date_gmt":"2025-03-10T16:48:46","guid":{"rendered":"https:\/\/veganuary.com\/?p=273165"},"modified":"2025-03-20T14:23:24","modified_gmt":"2025-03-20T14:23:24","slug":"ceo-de-veganuary-reflexiona-sobre-su-ultimo-ano-y-cede-el-mando","status":"publish","type":"post","link":"https:\/\/veganuary.com\/es\/ceo-de-veganuary-reflexiona-sobre-su-ultimo-ano-y-cede-el-mando\/","title":{"rendered":"CEO de Veganuary reflexiona sobre su \u00faltimo a\u00f1o y cede el mando"},"content":{"rendered":"\n<p><em><strong>Participaron 25,8 millones de personas, se lanzaron m\u00e1s de 1.480 nuevas opciones veganas y la campa\u00f1a se extendi\u00f3 a 20 pa\u00edses.<\/strong><\/em><\/p>\n\n\n<div class=\"wp-block-image\">\n<figure class=\"aligncenter size-full\"><img fetchpriority=\"high\" decoding=\"async\" width=\"1220\" height=\"1592\" src=\"https:\/\/veganuary.com\/wp-content\/uploads\/2025\/03\/Captura-de-Pantalla-2025-03-19-a-las-13.41.09.png\" alt=\"\" class=\"wp-image-273166\" srcset=\"https:\/\/veganuary.com\/wp-content\/uploads\/2025\/03\/Captura-de-Pantalla-2025-03-19-a-las-13.41.09.png 1220w, https:\/\/veganuary.com\/wp-content\/uploads\/2025\/03\/Captura-de-Pantalla-2025-03-19-a-las-13.41.09-1200x1566.png 1200w, https:\/\/veganuary.com\/wp-content\/uploads\/2025\/03\/Captura-de-Pantalla-2025-03-19-a-las-13.41.09-400x522.png 400w, https:\/\/veganuary.com\/wp-content\/uploads\/2025\/03\/Captura-de-Pantalla-2025-03-19-a-las-13.41.09-768x1002.png 768w, https:\/\/veganuary.com\/wp-content\/uploads\/2025\/03\/Captura-de-Pantalla-2025-03-19-a-las-13.41.09-1177x1536.png 1177w, https:\/\/veganuary.com\/wp-content\/uploads\/2025\/03\/Captura-de-Pantalla-2025-03-19-a-las-13.41.09-800x1044.png 800w, https:\/\/veganuary.com\/wp-content\/uploads\/2025\/03\/Captura-de-Pantalla-2025-03-19-a-las-13.41.09-150x196.png 150w\" sizes=\"(max-width: 1220px) 100vw, 1220px\" \/><\/figure>\n<\/div>\n\n\n<p><strong>10 de marzo de 2025<\/strong>. Veganuary, la organizaci\u00f3n mundial que anima a la gente a probar el veganismo en enero y m\u00e1s all\u00e1, public\u00f3 el reporte de su campa\u00f1a 2025, revelando su fenomenal impacto mundial. Los aspectos m\u00e1s destacados de la und\u00e9cima campa\u00f1a de la organizaci\u00f3n ben\u00e9fica incluyen:<\/p>\n\n\n\n<p>La asombrosa cifra de 25,8 millones de personas que renunciaron a los productos de origen animal durante el mes de enero en todo el mundo, seg\u00fan las encuestas encargadas por Veganuary en los principales pa\u00edses de su campa\u00f1a y las estimaciones de poblaci\u00f3n de esos pa\u00edses.<\/p>\n\n\n\n<ul class=\"wp-block-list\">\n<li>Al menos 1.480 nuevos productos veganos y opciones de men\u00fa fueron lanzados en todo el mundo durante el mes de enero.<\/li>\n\n\n\n<li>M\u00e1s de 12.250 menciones de Veganuary en los medios de comunicaci\u00f3n internacionales, incluyendo BBC News, The Guardian, Telegraph, Daily Express e Independent.<\/li>\n\n\n\n<li>Campa\u00f1as oficiales de Veganuary lanzadas en Canad\u00e1, Per\u00fa y Malasia en colaboraci\u00f3n con organizaciones locales, elevando el n\u00famero de pa\u00edses con campa\u00f1as Veganuary activas a 20, mientras que una campa\u00f1a hermana, V-March, acaba de ser lanzada por la China Vegan Society con el apoyo de Veganuary.<\/li>\n<\/ul>\n\n\n\n<p><strong>El Reporte de Campa\u00f1a 2025 completo est\u00e1 disponible <a href=\"https:\/\/veganuary.com\/wp-content\/uploads\/2025\/03\/Veganuary_Reporte-de-Campana-2025.pdf\" target=\"_blank\" rel=\"noreferrer noopener\">aqu\u00ed<\/a>.<\/strong><\/p>\n\n\n\n<p>Reflexionando sobre el \u00e9xito de la campa\u00f1a 2025, la CEO de Veganuary, Ria Rehberg, afirma: &#8220;Aunque estoy agradecida por este incre\u00edble progreso, este momento tambi\u00e9n es agridulce para m\u00ed, ya que marca mi \u00faltimo Veganuary como parte de la organizaci\u00f3n. Despu\u00e9s de liderar esta campa\u00f1a durante seis a\u00f1os y ayudar a transformarla de una iniciativa basada principalmente en el Reino Unido a un movimiento verdaderamente global activo en 20 pa\u00edses de todo el mundo, he decidido renunciar y entregar el lugar a alguien nuevo. Estoy absolutamente encantada de que Wendy Matthews, actual Directora de Asociaciones Internacionales y Expansi\u00f3n de Veganuary, sea la nueva CEO de Veganuary a partir del 15 de marzo. Despu\u00e9s de haber trabajado junto a Wendy en nuestro equipo directivo durante m\u00e1s de cinco a\u00f1os, puedo dejar la organizaci\u00f3n sabiendo con absoluta confianza que, bajo su direcci\u00f3n, este movimiento seguir\u00e1 floreciendo e inspirando a m\u00e1s personas en todo el mundo&#8221;.<\/p>\n\n\n\n<p>La nueva CEO, Wendy Matthews, agrega: &#8220;Tenemos la misi\u00f3n de hacer de la alimentaci\u00f3n basada en plantas una elecci\u00f3n f\u00e1cil y obvia, un trabajo que nunca ha sido tan urgente, tan importante ni tan lleno de potencial. Despu\u00e9s de cinco a\u00f1os junto a este talentoso equipo, he visto de primera mano el poder que tenemos para impulsar un cambio real y duradero. Mientras construimos sobre nuestros s\u00f3lidos cimientos, agradezco el liderazgo visionario de Ria para transformar Veganuary en una verdadera fuerza global que ha inspirado a millones de personas. De cara al futuro, tenemos una oportunidad extraordinaria para encontrar nuevos enfoques y forjar alianzas audaces que inviten a individuos e industrias por igual a sentarse a la mesa de la alimentaci\u00f3n basada en plantas y formar parte de un movimiento que est\u00e1 remodelando el futuro&#8221;.<\/p>\n","protected":false},"excerpt":{"rendered":"<p>Participaron 25,8 millones de personas, se lanzaron m\u00e1s de 1.480 nuevas opciones veganas y la campa\u00f1a se extendi\u00f3 a 20&hellip;<\/p>\n","protected":false},"author":163,"featured_media":273166,"comment_status":"open","ping_status":"open","sticky":false,"template":"","format":"standard","meta":{"_acf_changed":false,"_coblocks_attr":"","_coblocks_dimensions":"","_coblocks_responsive_height":"","_coblocks_accordion_ie_support":"","footnotes":""},"categories":[660],"tags":[],"class_list":["post-273165","post","type-post","status-publish","format-standard","has-post-thumbnail","hentry","category-comunicados-de-prensa"],"acf":[],"yoast_head":"<!-- This site is optimized with the Yoast SEO plugin v27.4 - https:\/\/yoast.com\/product\/yoast-seo-wordpress\/ -->\n<title>CEO de Veganuary reflexiona sobre su \u00faltimo a\u00f1o y cede el mando | Veganuary<\/title>\n<meta name=\"description\" content=\"Participaron 25,8 millones de personas, se lanzaron m\u00e1s de 1.480 nuevas opciones veganas y la campa\u00f1a se extendi\u00f3 a 20 pa\u00edses.\" \/>\n<meta name=\"robots\" content=\"index, follow, max-snippet:-1, max-image-preview:large, max-video-preview:-1\" \/>\n<link rel=\"canonical\" href=\"https:\/\/veganuary.com\/es\/ceo-de-veganuary-reflexiona-sobre-su-ultimo-ano-y-cede-el-mando\/\" \/>\n<meta property=\"og:locale\" content=\"es_ES\" \/>\n<meta property=\"og:type\" content=\"article\" \/>\n<meta property=\"og:title\" content=\"CEO de Veganuary reflexiona sobre su \u00faltimo a\u00f1o y cede el mando | Veganuary\" \/>\n<meta property=\"og:description\" content=\"Participaron 25,8 millones de personas, se lanzaron m\u00e1s de 1.480 nuevas opciones veganas y la campa\u00f1a se extendi\u00f3 a 20 pa\u00edses.\" \/>\n<meta property=\"og:url\" content=\"https:\/\/veganuary.com\/es\/ceo-de-veganuary-reflexiona-sobre-su-ultimo-ano-y-cede-el-mando\/\" \/>\n<meta property=\"og:site_name\" content=\"Veganuary\" \/>\n<meta property=\"article:publisher\" content=\"https:\/\/www.facebook.com\/Veganuary\/\" \/>\n<meta property=\"article:published_time\" content=\"2025-03-10T16:48:46+00:00\" \/>\n<meta property=\"article:modified_time\" content=\"2025-03-20T14:23:24+00:00\" \/>\n<meta property=\"og:image\" content=\"https:\/\/veganuary.com\/wp-content\/uploads\/2025\/03\/Captura-de-Pantalla-2025-03-19-a-las-13.41.09.png\" \/>\n\t<meta property=\"og:image:width\" content=\"1220\" \/>\n\t<meta property=\"og:image:height\" content=\"1592\" \/>\n\t<meta property=\"og:image:type\" content=\"image\/png\" \/>\n<meta name=\"author\" content=\"Francisca\" \/>\n<meta name=\"twitter:card\" content=\"summary_large_image\" \/>\n<meta name=\"twitter:creator\" content=\"@veganuary\" \/>\n<meta name=\"twitter:site\" content=\"@veganuary\" \/>\n<meta name=\"twitter:label1\" content=\"Escrito por\" \/>\n\t<meta name=\"twitter:data1\" content=\"Francisca\" \/>\n\t<meta name=\"twitter:label2\" content=\"Tiempo estimado de lectura\" \/>\n\t<meta name=\"twitter:data2\" content=\"3 minutos\" \/>\n<script type=\"application\/ld+json\" class=\"yoast-schema-graph\">{\"@context\":\"https:\\\/\\\/schema.org\",\"@graph\":[{\"@type\":\"Article\",\"@id\":\"https:\\\/\\\/veganuary.com\\\/es\\\/ceo-de-veganuary-reflexiona-sobre-su-ultimo-ano-y-cede-el-mando\\\/#article\",\"isPartOf\":{\"@id\":\"https:\\\/\\\/veganuary.com\\\/es\\\/ceo-de-veganuary-reflexiona-sobre-su-ultimo-ano-y-cede-el-mando\\\/\"},\"author\":{\"name\":\"Francisca\",\"@id\":\"https:\\\/\\\/veganuary.com\\\/es\\\/#\\\/schema\\\/person\\\/4b86b42ef7a9cac433480b6e4ac45a09\"},\"headline\":\"CEO de Veganuary reflexiona sobre su \u00faltimo a\u00f1o y cede el mando\",\"datePublished\":\"2025-03-10T16:48:46+00:00\",\"dateModified\":\"2025-03-20T14:23:24+00:00\",\"mainEntityOfPage\":{\"@id\":\"https:\\\/\\\/veganuary.com\\\/es\\\/ceo-de-veganuary-reflexiona-sobre-su-ultimo-ano-y-cede-el-mando\\\/\"},\"wordCount\":548,\"commentCount\":0,\"publisher\":{\"@id\":\"https:\\\/\\\/veganuary.com\\\/es\\\/#organization\"},\"image\":{\"@id\":\"https:\\\/\\\/veganuary.com\\\/es\\\/ceo-de-veganuary-reflexiona-sobre-su-ultimo-ano-y-cede-el-mando\\\/#primaryimage\"},\"thumbnailUrl\":\"https:\\\/\\\/veganuary.com\\\/wp-content\\\/uploads\\\/2025\\\/03\\\/Captura-de-Pantalla-2025-03-19-a-las-13.41.09.png\",\"articleSection\":[\"Comunicados de prensa\"],\"inLanguage\":\"es-CL\",\"potentialAction\":[{\"@type\":\"CommentAction\",\"name\":\"Comment\",\"target\":[\"https:\\\/\\\/veganuary.com\\\/es\\\/ceo-de-veganuary-reflexiona-sobre-su-ultimo-ano-y-cede-el-mando\\\/#respond\"]}]},{\"@type\":\"WebPage\",\"@id\":\"https:\\\/\\\/veganuary.com\\\/es\\\/ceo-de-veganuary-reflexiona-sobre-su-ultimo-ano-y-cede-el-mando\\\/\",\"url\":\"https:\\\/\\\/veganuary.com\\\/es\\\/ceo-de-veganuary-reflexiona-sobre-su-ultimo-ano-y-cede-el-mando\\\/\",\"name\":\"CEO de Veganuary reflexiona sobre su \u00faltimo a\u00f1o y cede el mando | Veganuary\",\"isPartOf\":{\"@id\":\"https:\\\/\\\/veganuary.com\\\/es\\\/#website\"},\"primaryImageOfPage\":{\"@id\":\"https:\\\/\\\/veganuary.com\\\/es\\\/ceo-de-veganuary-reflexiona-sobre-su-ultimo-ano-y-cede-el-mando\\\/#primaryimage\"},\"image\":{\"@id\":\"https:\\\/\\\/veganuary.com\\\/es\\\/ceo-de-veganuary-reflexiona-sobre-su-ultimo-ano-y-cede-el-mando\\\/#primaryimage\"},\"thumbnailUrl\":\"https:\\\/\\\/veganuary.com\\\/wp-content\\\/uploads\\\/2025\\\/03\\\/Captura-de-Pantalla-2025-03-19-a-las-13.41.09.png\",\"datePublished\":\"2025-03-10T16:48:46+00:00\",\"dateModified\":\"2025-03-20T14:23:24+00:00\",\"description\":\"Participaron 25,8 millones de personas, se lanzaron m\u00e1s de 1.480 nuevas opciones veganas y la campa\u00f1a se extendi\u00f3 a 20 pa\u00edses.\",\"breadcrumb\":{\"@id\":\"https:\\\/\\\/veganuary.com\\\/es\\\/ceo-de-veganuary-reflexiona-sobre-su-ultimo-ano-y-cede-el-mando\\\/#breadcrumb\"},\"inLanguage\":\"es-CL\",\"potentialAction\":[{\"@type\":\"ReadAction\",\"target\":[\"https:\\\/\\\/veganuary.com\\\/es\\\/ceo-de-veganuary-reflexiona-sobre-su-ultimo-ano-y-cede-el-mando\\\/\"]}]},{\"@type\":\"ImageObject\",\"inLanguage\":\"es-CL\",\"@id\":\"https:\\\/\\\/veganuary.com\\\/es\\\/ceo-de-veganuary-reflexiona-sobre-su-ultimo-ano-y-cede-el-mando\\\/#primaryimage\",\"url\":\"https:\\\/\\\/veganuary.com\\\/wp-content\\\/uploads\\\/2025\\\/03\\\/Captura-de-Pantalla-2025-03-19-a-las-13.41.09.png\",\"contentUrl\":\"https:\\\/\\\/veganuary.com\\\/wp-content\\\/uploads\\\/2025\\\/03\\\/Captura-de-Pantalla-2025-03-19-a-las-13.41.09.png\",\"width\":1220,\"height\":1592},{\"@type\":\"BreadcrumbList\",\"@id\":\"https:\\\/\\\/veganuary.com\\\/es\\\/ceo-de-veganuary-reflexiona-sobre-su-ultimo-ano-y-cede-el-mando\\\/#breadcrumb\",\"itemListElement\":[{\"@type\":\"ListItem\",\"position\":1,\"name\":\"Home\",\"item\":\"https:\\\/\\\/veganuary.com\\\/es\\\/\"},{\"@type\":\"ListItem\",\"position\":2,\"name\":\"CEO de Veganuary reflexiona sobre su \u00faltimo a\u00f1o y cede el mando\"}]},{\"@type\":\"WebSite\",\"@id\":\"https:\\\/\\\/veganuary.com\\\/es\\\/#website\",\"url\":\"https:\\\/\\\/veganuary.com\\\/es\\\/\",\"name\":\"Veganuary\",\"description\":\"The website for Veganuary\",\"publisher\":{\"@id\":\"https:\\\/\\\/veganuary.com\\\/es\\\/#organization\"},\"potentialAction\":[{\"@type\":\"SearchAction\",\"target\":{\"@type\":\"EntryPoint\",\"urlTemplate\":\"https:\\\/\\\/veganuary.com\\\/es\\\/?s={search_term_string}\"},\"query-input\":{\"@type\":\"PropertyValueSpecification\",\"valueRequired\":true,\"valueName\":\"search_term_string\"}}],\"inLanguage\":\"es-CL\"},{\"@type\":\"Organization\",\"@id\":\"https:\\\/\\\/veganuary.com\\\/es\\\/#organization\",\"name\":\"Veganuary\",\"url\":\"https:\\\/\\\/veganuary.com\\\/es\\\/\",\"logo\":{\"@type\":\"ImageObject\",\"inLanguage\":\"es-CL\",\"@id\":\"https:\\\/\\\/veganuary.com\\\/es\\\/#\\\/schema\\\/logo\\\/image\\\/\",\"url\":\"https:\\\/\\\/veganuary.com\\\/wp-content\\\/uploads\\\/2020\\\/11\\\/135-veganuary-animals-icon-transparent-rgb.png\",\"contentUrl\":\"https:\\\/\\\/veganuary.com\\\/wp-content\\\/uploads\\\/2020\\\/11\\\/135-veganuary-animals-icon-transparent-rgb.png\",\"width\":135,\"height\":135,\"caption\":\"Veganuary\"},\"image\":{\"@id\":\"https:\\\/\\\/veganuary.com\\\/es\\\/#\\\/schema\\\/logo\\\/image\\\/\"},\"sameAs\":[\"https:\\\/\\\/www.facebook.com\\\/Veganuary\\\/\",\"https:\\\/\\\/x.com\\\/veganuary\",\"https:\\\/\\\/www.instagram.com\\\/weareveganuary\\\/\",\"https:\\\/\\\/www.linkedin.com\\\/company\\\/veganuary-limited\",\"https:\\\/\\\/www.pinterest.co.uk\\\/Veganuary\\\/\",\"https:\\\/\\\/www.youtube.com\\\/channel\\\/UCGDLtGanlPZLidEGP2N39CA\",\"https:\\\/\\\/en.wikipedia.org\\\/wiki\\\/Veganuary\"]},{\"@type\":\"Person\",\"@id\":\"https:\\\/\\\/veganuary.com\\\/es\\\/#\\\/schema\\\/person\\\/4b86b42ef7a9cac433480b6e4ac45a09\",\"name\":\"Francisca\",\"image\":{\"@type\":\"ImageObject\",\"inLanguage\":\"es-CL\",\"@id\":\"https:\\\/\\\/secure.gravatar.com\\\/avatar\\\/be22812aebc29a3a85a8aac7950b16e7c571ec1fa82ea3b08ce36d711cbdfd10?s=96&d=mm&r=g\",\"url\":\"https:\\\/\\\/secure.gravatar.com\\\/avatar\\\/be22812aebc29a3a85a8aac7950b16e7c571ec1fa82ea3b08ce36d711cbdfd10?s=96&d=mm&r=g\",\"contentUrl\":\"https:\\\/\\\/secure.gravatar.com\\\/avatar\\\/be22812aebc29a3a85a8aac7950b16e7c571ec1fa82ea3b08ce36d711cbdfd10?s=96&d=mm&r=g\",\"caption\":\"Francisca\"}}]}<\/script>\n<!-- \/ Yoast SEO plugin. -->","yoast_head_json":{"title":"CEO de Veganuary reflexiona sobre su \u00faltimo a\u00f1o y cede el mando | Veganuary","description":"Participaron 25,8 millones de personas, se lanzaron m\u00e1s de 1.480 nuevas opciones veganas y la campa\u00f1a se extendi\u00f3 a 20 pa\u00edses.","robots":{"index":"index","follow":"follow","max-snippet":"max-snippet:-1","max-image-preview":"max-image-preview:large","max-video-preview":"max-video-preview:-1"},"canonical":"https:\/\/veganuary.com\/es\/ceo-de-veganuary-reflexiona-sobre-su-ultimo-ano-y-cede-el-mando\/","og_locale":"es_ES","og_type":"article","og_title":"CEO de Veganuary reflexiona sobre su \u00faltimo a\u00f1o y cede el mando | Veganuary","og_description":"Participaron 25,8 millones de personas, se lanzaron m\u00e1s de 1.480 nuevas opciones veganas y la campa\u00f1a se extendi\u00f3 a 20 pa\u00edses.","og_url":"https:\/\/veganuary.com\/es\/ceo-de-veganuary-reflexiona-sobre-su-ultimo-ano-y-cede-el-mando\/","og_site_name":"Veganuary","article_publisher":"https:\/\/www.facebook.com\/Veganuary\/","article_published_time":"2025-03-10T16:48:46+00:00","article_modified_time":"2025-03-20T14:23:24+00:00","og_image":[{"url":"https:\/\/veganuary.com\/wp-content\/uploads\/2025\/03\/Captura-de-Pantalla-2025-03-19-a-las-13.41.09.png","width":1220,"height":1592,"type":"image\/png"}],"author":"Francisca","twitter_card":"summary_large_image","twitter_creator":"@veganuary","twitter_site":"@veganuary","twitter_misc":{"Escrito por":"Francisca","Tiempo estimado de lectura":"3 minutos"},"schema":{"@context":"https:\/\/schema.org","@graph":[{"@type":"Article","@id":"https:\/\/veganuary.com\/es\/ceo-de-veganuary-reflexiona-sobre-su-ultimo-ano-y-cede-el-mando\/#article","isPartOf":{"@id":"https:\/\/veganuary.com\/es\/ceo-de-veganuary-reflexiona-sobre-su-ultimo-ano-y-cede-el-mando\/"},"author":{"name":"Francisca","@id":"https:\/\/veganuary.com\/es\/#\/schema\/person\/4b86b42ef7a9cac433480b6e4ac45a09"},"headline":"CEO de Veganuary reflexiona sobre su \u00faltimo a\u00f1o y cede el mando","datePublished":"2025-03-10T16:48:46+00:00","dateModified":"2025-03-20T14:23:24+00:00","mainEntityOfPage":{"@id":"https:\/\/veganuary.com\/es\/ceo-de-veganuary-reflexiona-sobre-su-ultimo-ano-y-cede-el-mando\/"},"wordCount":548,"commentCount":0,"publisher":{"@id":"https:\/\/veganuary.com\/es\/#organization"},"image":{"@id":"https:\/\/veganuary.com\/es\/ceo-de-veganuary-reflexiona-sobre-su-ultimo-ano-y-cede-el-mando\/#primaryimage"},"thumbnailUrl":"https:\/\/veganuary.com\/wp-content\/uploads\/2025\/03\/Captura-de-Pantalla-2025-03-19-a-las-13.41.09.png","articleSection":["Comunicados de prensa"],"inLanguage":"es-CL","potentialAction":[{"@type":"CommentAction","name":"Comment","target":["https:\/\/veganuary.com\/es\/ceo-de-veganuary-reflexiona-sobre-su-ultimo-ano-y-cede-el-mando\/#respond"]}]},{"@type":"WebPage","@id":"https:\/\/veganuary.com\/es\/ceo-de-veganuary-reflexiona-sobre-su-ultimo-ano-y-cede-el-mando\/","url":"https:\/\/veganuary.com\/es\/ceo-de-veganuary-reflexiona-sobre-su-ultimo-ano-y-cede-el-mando\/","name":"CEO de Veganuary reflexiona sobre su \u00faltimo a\u00f1o y cede el mando | Veganuary","isPartOf":{"@id":"https:\/\/veganuary.com\/es\/#website"},"primaryImageOfPage":{"@id":"https:\/\/veganuary.com\/es\/ceo-de-veganuary-reflexiona-sobre-su-ultimo-ano-y-cede-el-mando\/#primaryimage"},"image":{"@id":"https:\/\/veganuary.com\/es\/ceo-de-veganuary-reflexiona-sobre-su-ultimo-ano-y-cede-el-mando\/#primaryimage"},"thumbnailUrl":"https:\/\/veganuary.com\/wp-content\/uploads\/2025\/03\/Captura-de-Pantalla-2025-03-19-a-las-13.41.09.png","datePublished":"2025-03-10T16:48:46+00:00","dateModified":"2025-03-20T14:23:24+00:00","description":"Participaron 25,8 millones de personas, se lanzaron m\u00e1s de 1.480 nuevas opciones veganas y la campa\u00f1a se extendi\u00f3 a 20 pa\u00edses.","breadcrumb":{"@id":"https:\/\/veganuary.com\/es\/ceo-de-veganuary-reflexiona-sobre-su-ultimo-ano-y-cede-el-mando\/#breadcrumb"},"inLanguage":"es-CL","potentialAction":[{"@type":"ReadAction","target":["https:\/\/veganuary.com\/es\/ceo-de-veganuary-reflexiona-sobre-su-ultimo-ano-y-cede-el-mando\/"]}]},{"@type":"ImageObject","inLanguage":"es-CL","@id":"https:\/\/veganuary.com\/es\/ceo-de-veganuary-reflexiona-sobre-su-ultimo-ano-y-cede-el-mando\/#primaryimage","url":"https:\/\/veganuary.com\/wp-content\/uploads\/2025\/03\/Captura-de-Pantalla-2025-03-19-a-las-13.41.09.png","contentUrl":"https:\/\/veganuary.com\/wp-content\/uploads\/2025\/03\/Captura-de-Pantalla-2025-03-19-a-las-13.41.09.png","width":1220,"height":1592},{"@type":"BreadcrumbList","@id":"https:\/\/veganuary.com\/es\/ceo-de-veganuary-reflexiona-sobre-su-ultimo-ano-y-cede-el-mando\/#breadcrumb","itemListElement":[{"@type":"ListItem","position":1,"name":"Home","item":"https:\/\/veganuary.com\/es\/"},{"@type":"ListItem","position":2,"name":"CEO de Veganuary reflexiona sobre su \u00faltimo a\u00f1o y cede el mando"}]},{"@type":"WebSite","@id":"https:\/\/veganuary.com\/es\/#website","url":"https:\/\/veganuary.com\/es\/","name":"Veganuary","description":"The website for Veganuary","publisher":{"@id":"https:\/\/veganuary.com\/es\/#organization"},"potentialAction":[{"@type":"SearchAction","target":{"@type":"EntryPoint","urlTemplate":"https:\/\/veganuary.com\/es\/?s={search_term_string}"},"query-input":{"@type":"PropertyValueSpecification","valueRequired":true,"valueName":"search_term_string"}}],"inLanguage":"es-CL"},{"@type":"Organization","@id":"https:\/\/veganuary.com\/es\/#organization","name":"Veganuary","url":"https:\/\/veganuary.com\/es\/","logo":{"@type":"ImageObject","inLanguage":"es-CL","@id":"https:\/\/veganuary.com\/es\/#\/schema\/logo\/image\/","url":"https:\/\/veganuary.com\/wp-content\/uploads\/2020\/11\/135-veganuary-animals-icon-transparent-rgb.png","contentUrl":"https:\/\/veganuary.com\/wp-content\/uploads\/2020\/11\/135-veganuary-animals-icon-transparent-rgb.png","width":135,"height":135,"caption":"Veganuary"},"image":{"@id":"https:\/\/veganuary.com\/es\/#\/schema\/logo\/image\/"},"sameAs":["https:\/\/www.facebook.com\/Veganuary\/","https:\/\/x.com\/veganuary","https:\/\/www.instagram.com\/weareveganuary\/","https:\/\/www.linkedin.com\/company\/veganuary-limited","https:\/\/www.pinterest.co.uk\/Veganuary\/","https:\/\/www.youtube.com\/channel\/UCGDLtGanlPZLidEGP2N39CA","https:\/\/en.wikipedia.org\/wiki\/Veganuary"]},{"@type":"Person","@id":"https:\/\/veganuary.com\/es\/#\/schema\/person\/4b86b42ef7a9cac433480b6e4ac45a09","name":"Francisca","image":{"@type":"ImageObject","inLanguage":"es-CL","@id":"https:\/\/secure.gravatar.com\/avatar\/be22812aebc29a3a85a8aac7950b16e7c571ec1fa82ea3b08ce36d711cbdfd10?s=96&d=mm&r=g","url":"https:\/\/secure.gravatar.com\/avatar\/be22812aebc29a3a85a8aac7950b16e7c571ec1fa82ea3b08ce36d711cbdfd10?s=96&d=mm&r=g","contentUrl":"https:\/\/secure.gravatar.com\/avatar\/be22812aebc29a3a85a8aac7950b16e7c571ec1fa82ea3b08ce36d711cbdfd10?s=96&d=mm&r=g","caption":"Francisca"}}]}},"_links":{"self":[{"href":"https:\/\/veganuary.com\/es\/wp-json\/wp\/v2\/posts\/273165","targetHints":{"allow":["GET"]}}],"collection":[{"href":"https:\/\/veganuary.com\/es\/wp-json\/wp\/v2\/posts"}],"about":[{"href":"https:\/\/veganuary.com\/es\/wp-json\/wp\/v2\/types\/post"}],"author":[{"embeddable":true,"href":"https:\/\/veganuary.com\/es\/wp-json\/wp\/v2\/users\/163"}],"replies":[{"embeddable":true,"href":"https:\/\/veganuary.com\/es\/wp-json\/wp\/v2\/comments?post=273165"}],"version-history":[{"count":0,"href":"https:\/\/veganuary.com\/es\/wp-json\/wp\/v2\/posts\/273165\/revisions"}],"wp:featuredmedia":[{"embeddable":true,"href":"https:\/\/veganuary.com\/es\/wp-json\/wp\/v2\/media\/273166"}],"wp:attachment":[{"href":"https:\/\/veganuary.com\/es\/wp-json\/wp\/v2\/media?parent=273165"}],"wp:term":[{"taxonomy":"category","embeddable":true,"href":"https:\/\/veganuary.com\/es\/wp-json\/wp\/v2\/categories?post=273165"},{"taxonomy":"post_tag","embeddable":true,"href":"https:\/\/veganuary.com\/es\/wp-json\/wp\/v2\/tags?post=273165"}],"curies":[{"name":"wp","href":"https:\/\/api.w.org\/{rel}","templated":true}]}}