{"id":274832,"date":"2025-05-06T15:39:16","date_gmt":"2025-05-06T14:39:16","guid":{"rendered":"https:\/\/veganuary.com\/?p=274832"},"modified":"2025-05-06T15:39:18","modified_gmt":"2025-05-06T14:39:18","slug":"veganuary-estuvo-presente-en-estacion-lav","status":"publish","type":"post","link":"https:\/\/veganuary.com\/es\/veganuary-estuvo-presente-en-estacion-lav\/","title":{"rendered":"Veganuary estuvo presente en Estaci\u00f3n LAV \u00a0"},"content":{"rendered":"\n<p><em>A trav\u00e9s de una charla a cargo de Mauricio Serrano,\u00a0director para Latinoam\u00e9rica de la organizaci\u00f3n, y la proyecci\u00f3n del documental \u201cThe Veganuary Story\u201d, Veganuary fue parte de Estaci\u00f3n LAV, \u201cla primera estaci\u00f3n tem\u00e1tica de sostenibilidad en el mundo, ubicada en el Metro de Santiago\u201d, en Chile, como detallan sus organizadores.\u00a0<\/em><\/p>\n\n\n<div class=\"wp-block-image\">\n<figure class=\"aligncenter size-full\"><img fetchpriority=\"high\" decoding=\"async\" width=\"1218\" height=\"1504\" src=\"https:\/\/veganuary.com\/wp-content\/uploads\/2025\/05\/Captura-de-Pantalla-2025-05-05-a-las-13.10.19.png\" alt=\"\" class=\"wp-image-274833\" srcset=\"https:\/\/veganuary.com\/wp-content\/uploads\/2025\/05\/Captura-de-Pantalla-2025-05-05-a-las-13.10.19.png 1218w, https:\/\/veganuary.com\/wp-content\/uploads\/2025\/05\/Captura-de-Pantalla-2025-05-05-a-las-13.10.19-1200x1482.png 1200w, https:\/\/veganuary.com\/wp-content\/uploads\/2025\/05\/Captura-de-Pantalla-2025-05-05-a-las-13.10.19-400x494.png 400w, https:\/\/veganuary.com\/wp-content\/uploads\/2025\/05\/Captura-de-Pantalla-2025-05-05-a-las-13.10.19-768x948.png 768w, https:\/\/veganuary.com\/wp-content\/uploads\/2025\/05\/Captura-de-Pantalla-2025-05-05-a-las-13.10.19-800x988.png 800w, https:\/\/veganuary.com\/wp-content\/uploads\/2025\/05\/Captura-de-Pantalla-2025-05-05-a-las-13.10.19-150x185.png 150w\" sizes=\"(max-width: 1218px) 100vw, 1218px\" \/><figcaption class=\"wp-element-caption\">El director de Veganuary Latinoam\u00e9rica en Estaci\u00f3n LAV, Chile.<\/figcaption><\/figure>\n<\/div>\n\n\n<p>Organizada por Fundaci\u00f3n Chile Verde y Metro de Santiago, en el marco de su 50\u00ba aniversario, durante cinco semanas, <a href=\"https:\/\/www.lavtv.org\/estacionlav\/\" target=\"_blank\" rel=\"noreferrer noopener\">Estaci\u00f3n<\/a><a href=\"https:\/\/www.lavtv.org\/estacionlav\/\"> LAV<\/a> fue un punto de encuentro para\u00a0charlas, documentales y actividades que buscaban ense\u00f1ar y e invitar a las personas a actuar por el planeta.\u2060\u00a0<\/p>\n\n\n\n<p>En este contexto, Veganuary estuvo presente en la iniciativa, siendo la \u00fanica organizaci\u00f3n relacionada con alimentaci\u00f3n que expuso desde ese punto de vista c\u00f3mo una dieta basada en plantas no solo es beneficiosa para los animales y la salud, sino tambi\u00e9n para el planeta.\u00a0<\/p>\n\n\n\n<p>As\u00ed, los primeros d\u00edas de abril se proyect\u00f3 el documental <a href=\"https:\/\/www.youtube.com\/watch?v=47oloL6rguM\">\u201cThe <\/a><a href=\"https:\/\/www.youtube.com\/watch?v=47oloL6rguM\" target=\"_blank\" rel=\"noreferrer noopener\">Veganuary<\/a><a href=\"https:\/\/www.youtube.com\/watch?v=47oloL6rguM\"> Story\u201d<\/a>, en la Explanada de MetroArte Baquedano de Estaci\u00f3n Baquedano (L\u00ednea 5), que cuenta la historia de la organizaci\u00f3n y sus mayores hitos, como el alcance mundial de la campa\u00f1a, en su d\u00e9cimo aniversario.\u00a0<\/p>\n\n\n\n<p>Y finalmente, como parte de las actividades de cierre de la iniciativa, Mauricio Serrano, director de Veganuary Latinoam\u00e9rica ofreci\u00f3 una charla para decenas de personas, d\u00f3nde habl\u00f3 de la campa\u00f1a que invita a las personas a probar el veganismo en enero y m\u00e1s all\u00e1, as\u00ed como tambi\u00e9n pudo entregar una mirada m\u00e1s cercana sobre el impacto que tiene la alimentaci\u00f3n basada en plantas en el bienestar del planeta.\u00a0<\/p>\n\n\n\n<p><\/p>\n","protected":false},"excerpt":{"rendered":"<p>A trav\u00e9s de una charla a cargo de Mauricio Serrano,\u00a0director para Latinoam\u00e9rica de la organizaci\u00f3n, y la proyecci\u00f3n del documental&hellip;<\/p>\n","protected":false},"author":163,"featured_media":274833,"comment_status":"open","ping_status":"open","sticky":false,"template":"","format":"standard","meta":{"_acf_changed":false,"_coblocks_attr":"","_coblocks_dimensions":"","_coblocks_responsive_height":"","_coblocks_accordion_ie_support":"","footnotes":""},"categories":[650,660],"tags":[],"class_list":["post-274832","post","type-post","status-publish","format-standard","has-post-thumbnail","hentry","category-medio-ambiente","category-comunicados-de-prensa"],"acf":[],"yoast_head":"<!-- This site is optimized with the Yoast SEO plugin v27.4 - https:\/\/yoast.com\/product\/yoast-seo-wordpress\/ -->\n<title>Veganuary estuvo presente en Estaci\u00f3n LAV \u00a0 | Veganuary<\/title>\n<meta name=\"description\" content=\"A trav\u00e9s de una charla y la proyecci\u00f3n del documental \u201cThe Veganuary Story\u201d, Veganuary fue parte de Estaci\u00f3n LAV.\" \/>\n<meta name=\"robots\" content=\"index, follow, max-snippet:-1, max-image-preview:large, max-video-preview:-1\" \/>\n<link rel=\"canonical\" href=\"https:\/\/veganuary.com\/es\/veganuary-estuvo-presente-en-estacion-lav\/\" \/>\n<meta property=\"og:locale\" content=\"es_ES\" \/>\n<meta property=\"og:type\" content=\"article\" \/>\n<meta property=\"og:title\" content=\"Veganuary estuvo presente en Estaci\u00f3n LAV \u00a0 | Veganuary\" \/>\n<meta property=\"og:description\" content=\"A trav\u00e9s de una charla y la proyecci\u00f3n del documental \u201cThe Veganuary Story\u201d, Veganuary fue parte de Estaci\u00f3n LAV.\" \/>\n<meta property=\"og:url\" content=\"https:\/\/veganuary.com\/es\/veganuary-estuvo-presente-en-estacion-lav\/\" \/>\n<meta property=\"og:site_name\" content=\"Veganuary\" \/>\n<meta property=\"article:publisher\" content=\"https:\/\/www.facebook.com\/Veganuary\/\" \/>\n<meta property=\"article:published_time\" content=\"2025-05-06T14:39:16+00:00\" \/>\n<meta property=\"article:modified_time\" content=\"2025-05-06T14:39:18+00:00\" \/>\n<meta property=\"og:image\" content=\"https:\/\/veganuary.com\/wp-content\/uploads\/2025\/05\/Captura-de-Pantalla-2025-05-05-a-las-13.10.19.png\" \/>\n\t<meta property=\"og:image:width\" content=\"1218\" \/>\n\t<meta property=\"og:image:height\" content=\"1504\" \/>\n\t<meta property=\"og:image:type\" content=\"image\/png\" \/>\n<meta name=\"author\" content=\"Francisca\" \/>\n<meta name=\"twitter:card\" content=\"summary_large_image\" \/>\n<meta name=\"twitter:creator\" content=\"@veganuary\" \/>\n<meta name=\"twitter:site\" content=\"@veganuary\" \/>\n<meta name=\"twitter:label1\" content=\"Escrito por\" \/>\n\t<meta name=\"twitter:data1\" content=\"Francisca\" \/>\n\t<meta name=\"twitter:label2\" content=\"Tiempo estimado de lectura\" \/>\n\t<meta name=\"twitter:data2\" content=\"2 minutos\" \/>\n<script type=\"application\/ld+json\" class=\"yoast-schema-graph\">{\"@context\":\"https:\\\/\\\/schema.org\",\"@graph\":[{\"@type\":\"Article\",\"@id\":\"https:\\\/\\\/veganuary.com\\\/es\\\/veganuary-estuvo-presente-en-estacion-lav\\\/#article\",\"isPartOf\":{\"@id\":\"https:\\\/\\\/veganuary.com\\\/es\\\/veganuary-estuvo-presente-en-estacion-lav\\\/\"},\"author\":{\"name\":\"Francisca\",\"@id\":\"https:\\\/\\\/veganuary.com\\\/es\\\/#\\\/schema\\\/person\\\/4b86b42ef7a9cac433480b6e4ac45a09\"},\"headline\":\"Veganuary estuvo presente en Estaci\u00f3n LAV \u00a0\",\"datePublished\":\"2025-05-06T14:39:16+00:00\",\"dateModified\":\"2025-05-06T14:39:18+00:00\",\"mainEntityOfPage\":{\"@id\":\"https:\\\/\\\/veganuary.com\\\/es\\\/veganuary-estuvo-presente-en-estacion-lav\\\/\"},\"wordCount\":297,\"commentCount\":0,\"publisher\":{\"@id\":\"https:\\\/\\\/veganuary.com\\\/es\\\/#organization\"},\"image\":{\"@id\":\"https:\\\/\\\/veganuary.com\\\/es\\\/veganuary-estuvo-presente-en-estacion-lav\\\/#primaryimage\"},\"thumbnailUrl\":\"https:\\\/\\\/veganuary.com\\\/wp-content\\\/uploads\\\/2025\\\/05\\\/Captura-de-Pantalla-2025-05-05-a-las-13.10.19.png\",\"articleSection\":[\"Medio Ambiente\",\"Comunicados de prensa\"],\"inLanguage\":\"es-CL\",\"potentialAction\":[{\"@type\":\"CommentAction\",\"name\":\"Comment\",\"target\":[\"https:\\\/\\\/veganuary.com\\\/es\\\/veganuary-estuvo-presente-en-estacion-lav\\\/#respond\"]}]},{\"@type\":\"WebPage\",\"@id\":\"https:\\\/\\\/veganuary.com\\\/es\\\/veganuary-estuvo-presente-en-estacion-lav\\\/\",\"url\":\"https:\\\/\\\/veganuary.com\\\/es\\\/veganuary-estuvo-presente-en-estacion-lav\\\/\",\"name\":\"Veganuary estuvo presente en Estaci\u00f3n LAV \u00a0 | Veganuary\",\"isPartOf\":{\"@id\":\"https:\\\/\\\/veganuary.com\\\/es\\\/#website\"},\"primaryImageOfPage\":{\"@id\":\"https:\\\/\\\/veganuary.com\\\/es\\\/veganuary-estuvo-presente-en-estacion-lav\\\/#primaryimage\"},\"image\":{\"@id\":\"https:\\\/\\\/veganuary.com\\\/es\\\/veganuary-estuvo-presente-en-estacion-lav\\\/#primaryimage\"},\"thumbnailUrl\":\"https:\\\/\\\/veganuary.com\\\/wp-content\\\/uploads\\\/2025\\\/05\\\/Captura-de-Pantalla-2025-05-05-a-las-13.10.19.png\",\"datePublished\":\"2025-05-06T14:39:16+00:00\",\"dateModified\":\"2025-05-06T14:39:18+00:00\",\"description\":\"A trav\u00e9s de una charla y la proyecci\u00f3n del documental \u201cThe Veganuary Story\u201d, Veganuary fue parte de Estaci\u00f3n LAV.\",\"breadcrumb\":{\"@id\":\"https:\\\/\\\/veganuary.com\\\/es\\\/veganuary-estuvo-presente-en-estacion-lav\\\/#breadcrumb\"},\"inLanguage\":\"es-CL\",\"potentialAction\":[{\"@type\":\"ReadAction\",\"target\":[\"https:\\\/\\\/veganuary.com\\\/es\\\/veganuary-estuvo-presente-en-estacion-lav\\\/\"]}]},{\"@type\":\"ImageObject\",\"inLanguage\":\"es-CL\",\"@id\":\"https:\\\/\\\/veganuary.com\\\/es\\\/veganuary-estuvo-presente-en-estacion-lav\\\/#primaryimage\",\"url\":\"https:\\\/\\\/veganuary.com\\\/wp-content\\\/uploads\\\/2025\\\/05\\\/Captura-de-Pantalla-2025-05-05-a-las-13.10.19.png\",\"contentUrl\":\"https:\\\/\\\/veganuary.com\\\/wp-content\\\/uploads\\\/2025\\\/05\\\/Captura-de-Pantalla-2025-05-05-a-las-13.10.19.png\",\"width\":1218,\"height\":1504},{\"@type\":\"BreadcrumbList\",\"@id\":\"https:\\\/\\\/veganuary.com\\\/es\\\/veganuary-estuvo-presente-en-estacion-lav\\\/#breadcrumb\",\"itemListElement\":[{\"@type\":\"ListItem\",\"position\":1,\"name\":\"Home\",\"item\":\"https:\\\/\\\/veganuary.com\\\/es\\\/\"},{\"@type\":\"ListItem\",\"position\":2,\"name\":\"Veganuary estuvo presente en Estaci\u00f3n LAV \u00a0\"}]},{\"@type\":\"WebSite\",\"@id\":\"https:\\\/\\\/veganuary.com\\\/es\\\/#website\",\"url\":\"https:\\\/\\\/veganuary.com\\\/es\\\/\",\"name\":\"Veganuary\",\"description\":\"The website for Veganuary\",\"publisher\":{\"@id\":\"https:\\\/\\\/veganuary.com\\\/es\\\/#organization\"},\"potentialAction\":[{\"@type\":\"SearchAction\",\"target\":{\"@type\":\"EntryPoint\",\"urlTemplate\":\"https:\\\/\\\/veganuary.com\\\/es\\\/?s={search_term_string}\"},\"query-input\":{\"@type\":\"PropertyValueSpecification\",\"valueRequired\":true,\"valueName\":\"search_term_string\"}}],\"inLanguage\":\"es-CL\"},{\"@type\":\"Organization\",\"@id\":\"https:\\\/\\\/veganuary.com\\\/es\\\/#organization\",\"name\":\"Veganuary\",\"url\":\"https:\\\/\\\/veganuary.com\\\/es\\\/\",\"logo\":{\"@type\":\"ImageObject\",\"inLanguage\":\"es-CL\",\"@id\":\"https:\\\/\\\/veganuary.com\\\/es\\\/#\\\/schema\\\/logo\\\/image\\\/\",\"url\":\"https:\\\/\\\/veganuary.com\\\/wp-content\\\/uploads\\\/2020\\\/11\\\/135-veganuary-animals-icon-transparent-rgb.png\",\"contentUrl\":\"https:\\\/\\\/veganuary.com\\\/wp-content\\\/uploads\\\/2020\\\/11\\\/135-veganuary-animals-icon-transparent-rgb.png\",\"width\":135,\"height\":135,\"caption\":\"Veganuary\"},\"image\":{\"@id\":\"https:\\\/\\\/veganuary.com\\\/es\\\/#\\\/schema\\\/logo\\\/image\\\/\"},\"sameAs\":[\"https:\\\/\\\/www.facebook.com\\\/Veganuary\\\/\",\"https:\\\/\\\/x.com\\\/veganuary\",\"https:\\\/\\\/www.instagram.com\\\/weareveganuary\\\/\",\"https:\\\/\\\/www.linkedin.com\\\/company\\\/veganuary-limited\",\"https:\\\/\\\/www.pinterest.co.uk\\\/Veganuary\\\/\",\"https:\\\/\\\/www.youtube.com\\\/channel\\\/UCGDLtGanlPZLidEGP2N39CA\",\"https:\\\/\\\/en.wikipedia.org\\\/wiki\\\/Veganuary\"]},{\"@type\":\"Person\",\"@id\":\"https:\\\/\\\/veganuary.com\\\/es\\\/#\\\/schema\\\/person\\\/4b86b42ef7a9cac433480b6e4ac45a09\",\"name\":\"Francisca\",\"image\":{\"@type\":\"ImageObject\",\"inLanguage\":\"es-CL\",\"@id\":\"https:\\\/\\\/secure.gravatar.com\\\/avatar\\\/be22812aebc29a3a85a8aac7950b16e7c571ec1fa82ea3b08ce36d711cbdfd10?s=96&d=mm&r=g\",\"url\":\"https:\\\/\\\/secure.gravatar.com\\\/avatar\\\/be22812aebc29a3a85a8aac7950b16e7c571ec1fa82ea3b08ce36d711cbdfd10?s=96&d=mm&r=g\",\"contentUrl\":\"https:\\\/\\\/secure.gravatar.com\\\/avatar\\\/be22812aebc29a3a85a8aac7950b16e7c571ec1fa82ea3b08ce36d711cbdfd10?s=96&d=mm&r=g\",\"caption\":\"Francisca\"}}]}<\/script>\n<!-- \/ Yoast SEO plugin. -->","yoast_head_json":{"title":"Veganuary estuvo presente en Estaci\u00f3n LAV \u00a0 | Veganuary","description":"A trav\u00e9s de una charla y la proyecci\u00f3n del documental \u201cThe Veganuary Story\u201d, Veganuary fue parte de Estaci\u00f3n LAV.","robots":{"index":"index","follow":"follow","max-snippet":"max-snippet:-1","max-image-preview":"max-image-preview:large","max-video-preview":"max-video-preview:-1"},"canonical":"https:\/\/veganuary.com\/es\/veganuary-estuvo-presente-en-estacion-lav\/","og_locale":"es_ES","og_type":"article","og_title":"Veganuary estuvo presente en Estaci\u00f3n LAV \u00a0 | Veganuary","og_description":"A trav\u00e9s de una charla y la proyecci\u00f3n del documental \u201cThe Veganuary Story\u201d, Veganuary fue parte de Estaci\u00f3n LAV.","og_url":"https:\/\/veganuary.com\/es\/veganuary-estuvo-presente-en-estacion-lav\/","og_site_name":"Veganuary","article_publisher":"https:\/\/www.facebook.com\/Veganuary\/","article_published_time":"2025-05-06T14:39:16+00:00","article_modified_time":"2025-05-06T14:39:18+00:00","og_image":[{"url":"https:\/\/veganuary.com\/wp-content\/uploads\/2025\/05\/Captura-de-Pantalla-2025-05-05-a-las-13.10.19.png","width":1218,"height":1504,"type":"image\/png"}],"author":"Francisca","twitter_card":"summary_large_image","twitter_creator":"@veganuary","twitter_site":"@veganuary","twitter_misc":{"Escrito por":"Francisca","Tiempo estimado de lectura":"2 minutos"},"schema":{"@context":"https:\/\/schema.org","@graph":[{"@type":"Article","@id":"https:\/\/veganuary.com\/es\/veganuary-estuvo-presente-en-estacion-lav\/#article","isPartOf":{"@id":"https:\/\/veganuary.com\/es\/veganuary-estuvo-presente-en-estacion-lav\/"},"author":{"name":"Francisca","@id":"https:\/\/veganuary.com\/es\/#\/schema\/person\/4b86b42ef7a9cac433480b6e4ac45a09"},"headline":"Veganuary estuvo presente en Estaci\u00f3n LAV \u00a0","datePublished":"2025-05-06T14:39:16+00:00","dateModified":"2025-05-06T14:39:18+00:00","mainEntityOfPage":{"@id":"https:\/\/veganuary.com\/es\/veganuary-estuvo-presente-en-estacion-lav\/"},"wordCount":297,"commentCount":0,"publisher":{"@id":"https:\/\/veganuary.com\/es\/#organization"},"image":{"@id":"https:\/\/veganuary.com\/es\/veganuary-estuvo-presente-en-estacion-lav\/#primaryimage"},"thumbnailUrl":"https:\/\/veganuary.com\/wp-content\/uploads\/2025\/05\/Captura-de-Pantalla-2025-05-05-a-las-13.10.19.png","articleSection":["Medio Ambiente","Comunicados de prensa"],"inLanguage":"es-CL","potentialAction":[{"@type":"CommentAction","name":"Comment","target":["https:\/\/veganuary.com\/es\/veganuary-estuvo-presente-en-estacion-lav\/#respond"]}]},{"@type":"WebPage","@id":"https:\/\/veganuary.com\/es\/veganuary-estuvo-presente-en-estacion-lav\/","url":"https:\/\/veganuary.com\/es\/veganuary-estuvo-presente-en-estacion-lav\/","name":"Veganuary estuvo presente en Estaci\u00f3n LAV \u00a0 | Veganuary","isPartOf":{"@id":"https:\/\/veganuary.com\/es\/#website"},"primaryImageOfPage":{"@id":"https:\/\/veganuary.com\/es\/veganuary-estuvo-presente-en-estacion-lav\/#primaryimage"},"image":{"@id":"https:\/\/veganuary.com\/es\/veganuary-estuvo-presente-en-estacion-lav\/#primaryimage"},"thumbnailUrl":"https:\/\/veganuary.com\/wp-content\/uploads\/2025\/05\/Captura-de-Pantalla-2025-05-05-a-las-13.10.19.png","datePublished":"2025-05-06T14:39:16+00:00","dateModified":"2025-05-06T14:39:18+00:00","description":"A trav\u00e9s de una charla y la proyecci\u00f3n del documental \u201cThe Veganuary Story\u201d, Veganuary fue parte de Estaci\u00f3n LAV.","breadcrumb":{"@id":"https:\/\/veganuary.com\/es\/veganuary-estuvo-presente-en-estacion-lav\/#breadcrumb"},"inLanguage":"es-CL","potentialAction":[{"@type":"ReadAction","target":["https:\/\/veganuary.com\/es\/veganuary-estuvo-presente-en-estacion-lav\/"]}]},{"@type":"ImageObject","inLanguage":"es-CL","@id":"https:\/\/veganuary.com\/es\/veganuary-estuvo-presente-en-estacion-lav\/#primaryimage","url":"https:\/\/veganuary.com\/wp-content\/uploads\/2025\/05\/Captura-de-Pantalla-2025-05-05-a-las-13.10.19.png","contentUrl":"https:\/\/veganuary.com\/wp-content\/uploads\/2025\/05\/Captura-de-Pantalla-2025-05-05-a-las-13.10.19.png","width":1218,"height":1504},{"@type":"BreadcrumbList","@id":"https:\/\/veganuary.com\/es\/veganuary-estuvo-presente-en-estacion-lav\/#breadcrumb","itemListElement":[{"@type":"ListItem","position":1,"name":"Home","item":"https:\/\/veganuary.com\/es\/"},{"@type":"ListItem","position":2,"name":"Veganuary estuvo presente en Estaci\u00f3n LAV \u00a0"}]},{"@type":"WebSite","@id":"https:\/\/veganuary.com\/es\/#website","url":"https:\/\/veganuary.com\/es\/","name":"Veganuary","description":"The website for Veganuary","publisher":{"@id":"https:\/\/veganuary.com\/es\/#organization"},"potentialAction":[{"@type":"SearchAction","target":{"@type":"EntryPoint","urlTemplate":"https:\/\/veganuary.com\/es\/?s={search_term_string}"},"query-input":{"@type":"PropertyValueSpecification","valueRequired":true,"valueName":"search_term_string"}}],"inLanguage":"es-CL"},{"@type":"Organization","@id":"https:\/\/veganuary.com\/es\/#organization","name":"Veganuary","url":"https:\/\/veganuary.com\/es\/","logo":{"@type":"ImageObject","inLanguage":"es-CL","@id":"https:\/\/veganuary.com\/es\/#\/schema\/logo\/image\/","url":"https:\/\/veganuary.com\/wp-content\/uploads\/2020\/11\/135-veganuary-animals-icon-transparent-rgb.png","contentUrl":"https:\/\/veganuary.com\/wp-content\/uploads\/2020\/11\/135-veganuary-animals-icon-transparent-rgb.png","width":135,"height":135,"caption":"Veganuary"},"image":{"@id":"https:\/\/veganuary.com\/es\/#\/schema\/logo\/image\/"},"sameAs":["https:\/\/www.facebook.com\/Veganuary\/","https:\/\/x.com\/veganuary","https:\/\/www.instagram.com\/weareveganuary\/","https:\/\/www.linkedin.com\/company\/veganuary-limited","https:\/\/www.pinterest.co.uk\/Veganuary\/","https:\/\/www.youtube.com\/channel\/UCGDLtGanlPZLidEGP2N39CA","https:\/\/en.wikipedia.org\/wiki\/Veganuary"]},{"@type":"Person","@id":"https:\/\/veganuary.com\/es\/#\/schema\/person\/4b86b42ef7a9cac433480b6e4ac45a09","name":"Francisca","image":{"@type":"ImageObject","inLanguage":"es-CL","@id":"https:\/\/secure.gravatar.com\/avatar\/be22812aebc29a3a85a8aac7950b16e7c571ec1fa82ea3b08ce36d711cbdfd10?s=96&d=mm&r=g","url":"https:\/\/secure.gravatar.com\/avatar\/be22812aebc29a3a85a8aac7950b16e7c571ec1fa82ea3b08ce36d711cbdfd10?s=96&d=mm&r=g","contentUrl":"https:\/\/secure.gravatar.com\/avatar\/be22812aebc29a3a85a8aac7950b16e7c571ec1fa82ea3b08ce36d711cbdfd10?s=96&d=mm&r=g","caption":"Francisca"}}]}},"_links":{"self":[{"href":"https:\/\/veganuary.com\/es\/wp-json\/wp\/v2\/posts\/274832","targetHints":{"allow":["GET"]}}],"collection":[{"href":"https:\/\/veganuary.com\/es\/wp-json\/wp\/v2\/posts"}],"about":[{"href":"https:\/\/veganuary.com\/es\/wp-json\/wp\/v2\/types\/post"}],"author":[{"embeddable":true,"href":"https:\/\/veganuary.com\/es\/wp-json\/wp\/v2\/users\/163"}],"replies":[{"embeddable":true,"href":"https:\/\/veganuary.com\/es\/wp-json\/wp\/v2\/comments?post=274832"}],"version-history":[{"count":0,"href":"https:\/\/veganuary.com\/es\/wp-json\/wp\/v2\/posts\/274832\/revisions"}],"wp:featuredmedia":[{"embeddable":true,"href":"https:\/\/veganuary.com\/es\/wp-json\/wp\/v2\/media\/274833"}],"wp:attachment":[{"href":"https:\/\/veganuary.com\/es\/wp-json\/wp\/v2\/media?parent=274832"}],"wp:term":[{"taxonomy":"category","embeddable":true,"href":"https:\/\/veganuary.com\/es\/wp-json\/wp\/v2\/categories?post=274832"},{"taxonomy":"post_tag","embeddable":true,"href":"https:\/\/veganuary.com\/es\/wp-json\/wp\/v2\/tags?post=274832"}],"curies":[{"name":"wp","href":"https:\/\/api.w.org\/{rel}","templated":true}]}}